{"id":37501,"date":"2023-08-03T12:08:33","date_gmt":"2023-08-03T12:08:33","guid":{"rendered":"https:\/\/ifevet.com\/?p=37501"},"modified":"2025-11-13T17:11:52","modified_gmt":"2025-11-13T16:11:52","slug":"notfallmanagement-bei-einem-patienten-mit-trachealkollaps","status":"publish","type":"post","link":"https:\/\/ifevet.com\/de\/notfallmanagement-bei-einem-patienten-mit-trachealkollaps\/","title":{"rendered":"Notfallmanagement bei einem Patienten mit Trachealkollaps"},"content":{"rendered":"<p data-start=\"0\" data-end=\"16\"><strong data-start=\"0\" data-end=\"14\">Einf\u00fchrung<\/strong><\/p>\n<p data-start=\"18\" data-end=\"235\">Der <strong data-start=\"22\" data-end=\"41\">Trachealkollaps<\/strong> tritt h\u00e4ufig bei kleinen Hunderassen auf. Sowohl der <strong data-start=\"95\" data-end=\"140\">intra- als auch der extrathorakale Anteil<\/strong> k\u00f6nnen betroffen sein, wobei sich die Ver\u00e4nderung auch auf den Hauptbronchus ausdehnen kann.<\/p>\n<p data-start=\"237\" data-end=\"351\">Die <strong data-start=\"241\" data-end=\"254\">\u00c4tiologie<\/strong> liegt in einer <strong data-start=\"270\" data-end=\"301\">Defizienz der Knorpelmatrix<\/strong>, die zu einem Kollaps des Tracheallumens f\u00fchrt.<\/p>\n<hr data-start=\"353\" data-end=\"356\" \/>\n<p data-start=\"358\" data-end=\"372\"><strong data-start=\"358\" data-end=\"370\">Diagnose<\/strong><\/p>\n<p data-start=\"374\" data-end=\"535\"><strong data-start=\"374\" data-end=\"399\">I) Klinische Zeichen:<\/strong> Husten, intensiver Husten nach Bewegung oder Aufregung, Synkope nach Hustenepisoden, Hyperthermie, moderater bis schwerer <strong data-start=\"522\" data-end=\"533\">Atemnot<\/strong><\/p>\n<p data-start=\"537\" data-end=\"603\"><strong data-start=\"537\" data-end=\"601\">II) R\u00f6ntgenaufnahme Hals &#8211; Thorax, lateral und dorsoventral:<\/strong><\/p>\n<ul data-start=\"604\" data-end=\"940\">\n<li data-start=\"604\" data-end=\"771\">\n<p data-start=\"606\" data-end=\"771\"><strong data-start=\"606\" data-end=\"622\">Inspiration:<\/strong> Auf der lateralen Aufnahme ist eine <strong data-start=\"659\" data-end=\"706\">Verengung des extrathorakalen Tracheanteils<\/strong> und eine <strong data-start=\"716\" data-end=\"759\">Erweiterung des intrathorakalen Anteils<\/strong> sichtbar.<\/p>\n<\/li>\n<li data-start=\"772\" data-end=\"940\">\n<p data-start=\"774\" data-end=\"940\"><strong data-start=\"774\" data-end=\"790\">Exspiration:<\/strong> Auf der lateralen Aufnahme zeigt sich eine <strong data-start=\"834\" data-end=\"886\">Erweiterung des zervikal-extrathorakalen Anteils<\/strong> und eine <strong data-start=\"896\" data-end=\"937\">Verengung des intrathorakalen Anteils<\/strong>.<\/p>\n<\/li>\n<\/ul>\n<p data-start=\"942\" data-end=\"965\"><strong data-start=\"942\" data-end=\"963\">III) Fluoroskopie<\/strong><\/p>\n<p data-start=\"967\" data-end=\"990\"><strong data-start=\"967\" data-end=\"988\">IV) Bronchoskopie<\/strong><\/p>\n<hr data-start=\"992\" data-end=\"995\" \/>\n<p data-start=\"997\" data-end=\"1035\"><strong data-start=\"997\" data-end=\"1033\">Notfallmanagement und Behandlung<\/strong><\/p>\n<p data-start=\"1037\" data-end=\"1113\"><strong data-start=\"1037\" data-end=\"1076\">I) Sauerstofftherapie und Sedierung<\/strong> (Butorphanol und\/oder Acepromazin)<\/p>\n<p data-start=\"1115\" data-end=\"1196\"><strong data-start=\"1115\" data-end=\"1163\">II) Entz\u00fcndungshemmende Kortikosteroiddosis:<\/strong> 0,5 mg\/kg Methylprednisolon IV<\/p>\n<p data-start=\"1198\" data-end=\"1241\"><strong data-start=\"1198\" data-end=\"1239\">III) Terbutalin 0,01 mg\/kg IV oder SC<\/strong><\/p>\n<p data-start=\"1243\" data-end=\"1308\"><strong data-start=\"1243\" data-end=\"1281\">IV) Aktive Abk\u00fchlung des Patienten<\/strong> bei Temperatur &gt; 39,5\u202f\u00b0C<\/p>\n<p data-start=\"1310\" data-end=\"1540\" data-is-last-node=\"\" data-is-only-node=\"\">**V) Patienten, die intubiert werden m\u00fcssen und aufgrund eines erneuten Kollapses bei jedem Extubationsversuch nicht extubiert werden k\u00f6nnen, sind Kandidaten f\u00fcr eine <strong data-start=\"1477\" data-end=\"1497\">Notfalloperation<\/strong> oder die <strong data-start=\"1507\" data-end=\"1539\">Einlage eines Trachealstents<\/strong>.<\/p>\n<p>&nbsp;<\/p>\n","protected":false},"excerpt":{"rendered":"<p>Einf\u00fchrung Der Trachealkollaps tritt h\u00e4ufig bei kleinen Hunderassen auf. Sowohl der intra- als auch der extrathorakale Anteil k\u00f6nnen betroffen sein, wobei sich die Ver\u00e4nderung auch auf den Hauptbronchus ausdehnen kann. Die \u00c4tiologie liegt in einer Defizienz der Knorpelmatrix, die zu einem Kollaps des Tracheallumens f\u00fchrt. Diagnose I) Klinische Zeichen: Husten, intensiver Husten nach Bewegung oder [&hellip;]<\/p>\n","protected":false},"author":1,"featured_media":37691,"comment_status":"open","ping_status":"closed","sticky":false,"template":"","format":"standard","meta":{"footnotes":""},"categories":[35],"tags":[],"class_list":["post-37501","post","type-post","status-publish","format-standard","has-post-thumbnail","hentry","category-klinische-inhalte"],"yoast_head":"<!-- This site is optimized with the Yoast SEO plugin v27.1.1 - https:\/\/yoast.com\/product\/yoast-seo-wordpress\/ -->\n<title>Notfallmanagement bei einem Patienten mit Trachealkollaps - Ifevet International - Alemania<\/title>\n<meta name=\"robots\" content=\"index, follow, max-snippet:-1, max-image-preview:large, max-video-preview:-1\" \/>\n<link rel=\"canonical\" href=\"https:\/\/ifevet.com\/de\/notfallmanagement-bei-einem-patienten-mit-trachealkollaps\/\" \/>\n<meta property=\"og:locale\" content=\"es_ES\" \/>\n<meta property=\"og:type\" content=\"article\" \/>\n<meta property=\"og:title\" content=\"Notfallmanagement bei einem Patienten mit Trachealkollaps - Ifevet International - Alemania\" \/>\n<meta property=\"og:description\" content=\"Einf\u00fchrung Der Trachealkollaps tritt h\u00e4ufig bei kleinen Hunderassen auf. Sowohl der intra- als auch der extrathorakale Anteil k\u00f6nnen betroffen sein, wobei sich die Ver\u00e4nderung auch auf den Hauptbronchus ausdehnen kann. Die \u00c4tiologie liegt in einer Defizienz der Knorpelmatrix, die zu einem Kollaps des Tracheallumens f\u00fchrt. Diagnose I) Klinische Zeichen: Husten, intensiver Husten nach Bewegung oder [&hellip;]\" \/>\n<meta property=\"og:url\" content=\"https:\/\/ifevet.com\/de\/notfallmanagement-bei-einem-patienten-mit-trachealkollaps\/\" \/>\n<meta property=\"og:site_name\" content=\"Ifevet International - Alemania\" \/>\n<meta property=\"article:published_time\" content=\"2023-08-03T12:08:33+00:00\" \/>\n<meta property=\"article:modified_time\" content=\"2025-11-13T16:11:52+00:00\" \/>\n<meta property=\"og:image\" content=\"https:\/\/ifevet.com\/de\/wp-content\/uploads\/sites\/19\/2023\/07\/colpaso-traqueal.jpg\" \/>\n\t<meta property=\"og:image:width\" content=\"1000\" \/>\n\t<meta property=\"og:image:height\" content=\"667\" \/>\n\t<meta property=\"og:image:type\" content=\"image\/jpeg\" \/>\n<meta name=\"author\" content=\"admin\" \/>\n<meta name=\"twitter:card\" content=\"summary_large_image\" \/>\n<meta name=\"twitter:label1\" content=\"Escrito por\" \/>\n\t<meta name=\"twitter:data1\" content=\"admin\" \/>\n\t<meta name=\"twitter:label2\" content=\"Tiempo de lectura\" \/>\n\t<meta name=\"twitter:data2\" content=\"1 minuto\" \/>\n<script type=\"application\/ld+json\" class=\"yoast-schema-graph\">{\"@context\":\"https:\/\/schema.org\",\"@graph\":[{\"@type\":\"Article\",\"@id\":\"https:\/\/ifevet.com\/de\/notfallmanagement-bei-einem-patienten-mit-trachealkollaps\/#article\",\"isPartOf\":{\"@id\":\"https:\/\/ifevet.com\/de\/notfallmanagement-bei-einem-patienten-mit-trachealkollaps\/\"},\"author\":{\"name\":\"admin\",\"@id\":\"https:\/\/ifevet.com\/de\/#\/schema\/person\/dff617da2ff42828a70bf3d3e8ad0238\"},\"headline\":\"Notfallmanagement bei einem Patienten mit Trachealkollaps\",\"datePublished\":\"2023-08-03T12:08:33+00:00\",\"dateModified\":\"2025-11-13T16:11:52+00:00\",\"mainEntityOfPage\":{\"@id\":\"https:\/\/ifevet.com\/de\/notfallmanagement-bei-einem-patienten-mit-trachealkollaps\/\"},\"wordCount\":192,\"commentCount\":0,\"image\":{\"@id\":\"https:\/\/ifevet.com\/de\/notfallmanagement-bei-einem-patienten-mit-trachealkollaps\/#primaryimage\"},\"thumbnailUrl\":\"https:\/\/ifevet.com\/de\/wp-content\/uploads\/sites\/19\/2023\/07\/colpaso-traqueal.jpg\",\"articleSection\":[\"Klinische Inhalte\"],\"inLanguage\":\"es\",\"potentialAction\":[{\"@type\":\"CommentAction\",\"name\":\"Comment\",\"target\":[\"https:\/\/ifevet.com\/de\/notfallmanagement-bei-einem-patienten-mit-trachealkollaps\/#respond\"]}]},{\"@type\":\"WebPage\",\"@id\":\"https:\/\/ifevet.com\/de\/notfallmanagement-bei-einem-patienten-mit-trachealkollaps\/\",\"url\":\"https:\/\/ifevet.com\/de\/notfallmanagement-bei-einem-patienten-mit-trachealkollaps\/\",\"name\":\"Notfallmanagement bei einem Patienten mit Trachealkollaps - Ifevet International - Alemania\",\"isPartOf\":{\"@id\":\"https:\/\/ifevet.com\/de\/#website\"},\"primaryImageOfPage\":{\"@id\":\"https:\/\/ifevet.com\/de\/notfallmanagement-bei-einem-patienten-mit-trachealkollaps\/#primaryimage\"},\"image\":{\"@id\":\"https:\/\/ifevet.com\/de\/notfallmanagement-bei-einem-patienten-mit-trachealkollaps\/#primaryimage\"},\"thumbnailUrl\":\"https:\/\/ifevet.com\/de\/wp-content\/uploads\/sites\/19\/2023\/07\/colpaso-traqueal.jpg\",\"datePublished\":\"2023-08-03T12:08:33+00:00\",\"dateModified\":\"2025-11-13T16:11:52+00:00\",\"author\":{\"@id\":\"https:\/\/ifevet.com\/de\/#\/schema\/person\/dff617da2ff42828a70bf3d3e8ad0238\"},\"breadcrumb\":{\"@id\":\"https:\/\/ifevet.com\/de\/notfallmanagement-bei-einem-patienten-mit-trachealkollaps\/#breadcrumb\"},\"inLanguage\":\"es\",\"potentialAction\":[{\"@type\":\"ReadAction\",\"target\":[\"https:\/\/ifevet.com\/de\/notfallmanagement-bei-einem-patienten-mit-trachealkollaps\/\"]}]},{\"@type\":\"ImageObject\",\"inLanguage\":\"es\",\"@id\":\"https:\/\/ifevet.com\/de\/notfallmanagement-bei-einem-patienten-mit-trachealkollaps\/#primaryimage\",\"url\":\"https:\/\/ifevet.com\/de\/wp-content\/uploads\/sites\/19\/2023\/07\/colpaso-traqueal.jpg\",\"contentUrl\":\"https:\/\/ifevet.com\/de\/wp-content\/uploads\/sites\/19\/2023\/07\/colpaso-traqueal.jpg\",\"width\":1000,\"height\":667,\"caption\":\"colapso traqueal formaci\u00f3n veterinaria\"},{\"@type\":\"BreadcrumbList\",\"@id\":\"https:\/\/ifevet.com\/de\/notfallmanagement-bei-einem-patienten-mit-trachealkollaps\/#breadcrumb\",\"itemListElement\":[{\"@type\":\"ListItem\",\"position\":1,\"name\":\"Portada\",\"item\":\"https:\/\/ifevet.com\/de\/\"},{\"@type\":\"ListItem\",\"position\":2,\"name\":\"Notfallmanagement bei einem Patienten mit Trachealkollaps\"}]},{\"@type\":\"WebSite\",\"@id\":\"https:\/\/ifevet.com\/de\/#website\",\"url\":\"https:\/\/ifevet.com\/de\/\",\"name\":\"Ifevet International - Alemania\",\"description\":\"\",\"potentialAction\":[{\"@type\":\"SearchAction\",\"target\":{\"@type\":\"EntryPoint\",\"urlTemplate\":\"https:\/\/ifevet.com\/de\/?s={search_term_string}\"},\"query-input\":{\"@type\":\"PropertyValueSpecification\",\"valueRequired\":true,\"valueName\":\"search_term_string\"}}],\"inLanguage\":\"es\"},{\"@type\":\"Person\",\"@id\":\"https:\/\/ifevet.com\/de\/#\/schema\/person\/dff617da2ff42828a70bf3d3e8ad0238\",\"name\":\"admin\",\"image\":{\"@type\":\"ImageObject\",\"inLanguage\":\"es\",\"@id\":\"https:\/\/ifevet.com\/de\/#\/schema\/person\/image\/\",\"url\":\"https:\/\/secure.gravatar.com\/avatar\/20465fd60955541e129d551ed1d61ddae99ffa7509c027093b176d15984feef3?s=96&d=mm&r=g\",\"contentUrl\":\"https:\/\/secure.gravatar.com\/avatar\/20465fd60955541e129d551ed1d61ddae99ffa7509c027093b176d15984feef3?s=96&d=mm&r=g\",\"caption\":\"admin\"},\"sameAs\":[\"https:\/\/ifevet.com\"],\"url\":\"https:\/\/ifevet.com\/de\/author\/boadeche\/\"}]}<\/script>\n<!-- \/ Yoast SEO plugin. -->","yoast_head_json":{"title":"Notfallmanagement bei einem Patienten mit Trachealkollaps - Ifevet International - Alemania","robots":{"index":"index","follow":"follow","max-snippet":"max-snippet:-1","max-image-preview":"max-image-preview:large","max-video-preview":"max-video-preview:-1"},"canonical":"https:\/\/ifevet.com\/de\/notfallmanagement-bei-einem-patienten-mit-trachealkollaps\/","og_locale":"es_ES","og_type":"article","og_title":"Notfallmanagement bei einem Patienten mit Trachealkollaps - Ifevet International - Alemania","og_description":"Einf\u00fchrung Der Trachealkollaps tritt h\u00e4ufig bei kleinen Hunderassen auf. Sowohl der intra- als auch der extrathorakale Anteil k\u00f6nnen betroffen sein, wobei sich die Ver\u00e4nderung auch auf den Hauptbronchus ausdehnen kann. Die \u00c4tiologie liegt in einer Defizienz der Knorpelmatrix, die zu einem Kollaps des Tracheallumens f\u00fchrt. Diagnose I) Klinische Zeichen: Husten, intensiver Husten nach Bewegung oder [&hellip;]","og_url":"https:\/\/ifevet.com\/de\/notfallmanagement-bei-einem-patienten-mit-trachealkollaps\/","og_site_name":"Ifevet International - Alemania","article_published_time":"2023-08-03T12:08:33+00:00","article_modified_time":"2025-11-13T16:11:52+00:00","og_image":[{"width":1000,"height":667,"url":"https:\/\/ifevet.com\/de\/wp-content\/uploads\/sites\/19\/2023\/07\/colpaso-traqueal.jpg","type":"image\/jpeg"}],"author":"admin","twitter_card":"summary_large_image","twitter_misc":{"Escrito por":"admin","Tiempo de lectura":"1 minuto"},"schema":{"@context":"https:\/\/schema.org","@graph":[{"@type":"Article","@id":"https:\/\/ifevet.com\/de\/notfallmanagement-bei-einem-patienten-mit-trachealkollaps\/#article","isPartOf":{"@id":"https:\/\/ifevet.com\/de\/notfallmanagement-bei-einem-patienten-mit-trachealkollaps\/"},"author":{"name":"admin","@id":"https:\/\/ifevet.com\/de\/#\/schema\/person\/dff617da2ff42828a70bf3d3e8ad0238"},"headline":"Notfallmanagement bei einem Patienten mit Trachealkollaps","datePublished":"2023-08-03T12:08:33+00:00","dateModified":"2025-11-13T16:11:52+00:00","mainEntityOfPage":{"@id":"https:\/\/ifevet.com\/de\/notfallmanagement-bei-einem-patienten-mit-trachealkollaps\/"},"wordCount":192,"commentCount":0,"image":{"@id":"https:\/\/ifevet.com\/de\/notfallmanagement-bei-einem-patienten-mit-trachealkollaps\/#primaryimage"},"thumbnailUrl":"https:\/\/ifevet.com\/de\/wp-content\/uploads\/sites\/19\/2023\/07\/colpaso-traqueal.jpg","articleSection":["Klinische Inhalte"],"inLanguage":"es","potentialAction":[{"@type":"CommentAction","name":"Comment","target":["https:\/\/ifevet.com\/de\/notfallmanagement-bei-einem-patienten-mit-trachealkollaps\/#respond"]}]},{"@type":"WebPage","@id":"https:\/\/ifevet.com\/de\/notfallmanagement-bei-einem-patienten-mit-trachealkollaps\/","url":"https:\/\/ifevet.com\/de\/notfallmanagement-bei-einem-patienten-mit-trachealkollaps\/","name":"Notfallmanagement bei einem Patienten mit Trachealkollaps - Ifevet International - Alemania","isPartOf":{"@id":"https:\/\/ifevet.com\/de\/#website"},"primaryImageOfPage":{"@id":"https:\/\/ifevet.com\/de\/notfallmanagement-bei-einem-patienten-mit-trachealkollaps\/#primaryimage"},"image":{"@id":"https:\/\/ifevet.com\/de\/notfallmanagement-bei-einem-patienten-mit-trachealkollaps\/#primaryimage"},"thumbnailUrl":"https:\/\/ifevet.com\/de\/wp-content\/uploads\/sites\/19\/2023\/07\/colpaso-traqueal.jpg","datePublished":"2023-08-03T12:08:33+00:00","dateModified":"2025-11-13T16:11:52+00:00","author":{"@id":"https:\/\/ifevet.com\/de\/#\/schema\/person\/dff617da2ff42828a70bf3d3e8ad0238"},"breadcrumb":{"@id":"https:\/\/ifevet.com\/de\/notfallmanagement-bei-einem-patienten-mit-trachealkollaps\/#breadcrumb"},"inLanguage":"es","potentialAction":[{"@type":"ReadAction","target":["https:\/\/ifevet.com\/de\/notfallmanagement-bei-einem-patienten-mit-trachealkollaps\/"]}]},{"@type":"ImageObject","inLanguage":"es","@id":"https:\/\/ifevet.com\/de\/notfallmanagement-bei-einem-patienten-mit-trachealkollaps\/#primaryimage","url":"https:\/\/ifevet.com\/de\/wp-content\/uploads\/sites\/19\/2023\/07\/colpaso-traqueal.jpg","contentUrl":"https:\/\/ifevet.com\/de\/wp-content\/uploads\/sites\/19\/2023\/07\/colpaso-traqueal.jpg","width":1000,"height":667,"caption":"colapso traqueal formaci\u00f3n veterinaria"},{"@type":"BreadcrumbList","@id":"https:\/\/ifevet.com\/de\/notfallmanagement-bei-einem-patienten-mit-trachealkollaps\/#breadcrumb","itemListElement":[{"@type":"ListItem","position":1,"name":"Portada","item":"https:\/\/ifevet.com\/de\/"},{"@type":"ListItem","position":2,"name":"Notfallmanagement bei einem Patienten mit Trachealkollaps"}]},{"@type":"WebSite","@id":"https:\/\/ifevet.com\/de\/#website","url":"https:\/\/ifevet.com\/de\/","name":"Ifevet International - Alemania","description":"","potentialAction":[{"@type":"SearchAction","target":{"@type":"EntryPoint","urlTemplate":"https:\/\/ifevet.com\/de\/?s={search_term_string}"},"query-input":{"@type":"PropertyValueSpecification","valueRequired":true,"valueName":"search_term_string"}}],"inLanguage":"es"},{"@type":"Person","@id":"https:\/\/ifevet.com\/de\/#\/schema\/person\/dff617da2ff42828a70bf3d3e8ad0238","name":"admin","image":{"@type":"ImageObject","inLanguage":"es","@id":"https:\/\/ifevet.com\/de\/#\/schema\/person\/image\/","url":"https:\/\/secure.gravatar.com\/avatar\/20465fd60955541e129d551ed1d61ddae99ffa7509c027093b176d15984feef3?s=96&d=mm&r=g","contentUrl":"https:\/\/secure.gravatar.com\/avatar\/20465fd60955541e129d551ed1d61ddae99ffa7509c027093b176d15984feef3?s=96&d=mm&r=g","caption":"admin"},"sameAs":["https:\/\/ifevet.com"],"url":"https:\/\/ifevet.com\/de\/author\/boadeche\/"}]}},"_links":{"self":[{"href":"https:\/\/ifevet.com\/de\/wp-json\/wp\/v2\/posts\/37501","targetHints":{"allow":["GET"]}}],"collection":[{"href":"https:\/\/ifevet.com\/de\/wp-json\/wp\/v2\/posts"}],"about":[{"href":"https:\/\/ifevet.com\/de\/wp-json\/wp\/v2\/types\/post"}],"author":[{"embeddable":true,"href":"https:\/\/ifevet.com\/de\/wp-json\/wp\/v2\/users\/1"}],"replies":[{"embeddable":true,"href":"https:\/\/ifevet.com\/de\/wp-json\/wp\/v2\/comments?post=37501"}],"version-history":[{"count":2,"href":"https:\/\/ifevet.com\/de\/wp-json\/wp\/v2\/posts\/37501\/revisions"}],"predecessor-version":[{"id":42657,"href":"https:\/\/ifevet.com\/de\/wp-json\/wp\/v2\/posts\/37501\/revisions\/42657"}],"wp:featuredmedia":[{"embeddable":true,"href":"https:\/\/ifevet.com\/de\/wp-json\/wp\/v2\/media\/37691"}],"wp:attachment":[{"href":"https:\/\/ifevet.com\/de\/wp-json\/wp\/v2\/media?parent=37501"}],"wp:term":[{"taxonomy":"category","embeddable":true,"href":"https:\/\/ifevet.com\/de\/wp-json\/wp\/v2\/categories?post=37501"},{"taxonomy":"post_tag","embeddable":true,"href":"https:\/\/ifevet.com\/de\/wp-json\/wp\/v2\/tags?post=37501"}],"curies":[{"name":"wp","href":"https:\/\/api.w.org\/{rel}","templated":true}]}}