{"id":19087,"date":"2022-06-29T09:39:39","date_gmt":"2022-06-29T09:39:39","guid":{"rendered":"https:\/\/ifevet.com\/?p=18478"},"modified":"2025-01-15T10:40:38","modified_gmt":"2025-01-15T10:40:38","slug":"marcos-izquierdo","status":"publish","type":"post","link":"https:\/\/ifevet.com\/latam\/marcos-izquierdo\/","title":{"rendered":"Marcos Izquierdo"},"content":{"rendered":"\t\t<div data-elementor-type=\"wp-post\" data-elementor-id=\"19087\" class=\"elementor elementor-19087\" data-elementor-post-type=\"post\">\n\t\t\t\t\t\t<section class=\"elementor-section elementor-top-section elementor-element elementor-element-16b168c8 elementor-section-boxed elementor-section-height-default elementor-section-height-default\" data-id=\"16b168c8\" data-element_type=\"section\">\n\t\t\t\t\t\t<div class=\"elementor-container elementor-column-gap-default\">\n\t\t\t\t\t<div class=\"elementor-column elementor-col-50 elementor-top-column elementor-element elementor-element-684195f0\" data-id=\"684195f0\" data-element_type=\"column\">\n\t\t\t<div class=\"elementor-widget-wrap elementor-element-populated\">\n\t\t\t\t\t\t<div class=\"elementor-element elementor-element-4c379c1a elementor-widget elementor-widget-image\" data-id=\"4c379c1a\" data-element_type=\"widget\" data-widget_type=\"image.default\">\n\t\t\t\t<div class=\"elementor-widget-container\">\n\t\t\t\t\t\t\t\t\t\t\t\t\t\t\t<img decoding=\"async\" src=\"https:\/\/ifevet.com\/wp-content\/uploads\/2022\/06\/marcos_izquierdo-removebg-preview.png\" title=\"\" alt=\"\" loading=\"lazy\" \/>\t\t\t\t\t\t\t\t\t\t\t\t\t\t\t<\/div>\n\t\t\t\t<\/div>\n\t\t\t\t\t<\/div>\n\t\t<\/div>\n\t\t\t\t<div class=\"elementor-column elementor-col-50 elementor-top-column elementor-element elementor-element-1fd26745\" data-id=\"1fd26745\" data-element_type=\"column\">\n\t\t\t<div class=\"elementor-widget-wrap elementor-element-populated\">\n\t\t\t\t\t\t<div class=\"elementor-element elementor-element-1c600a33 elementor-widget elementor-widget-heading\" data-id=\"1c600a33\" data-element_type=\"widget\" data-widget_type=\"heading.default\">\n\t\t\t\t<div class=\"elementor-widget-container\">\n\t\t\t\t\t<h2 class=\"elementor-heading-title elementor-size-default\">Marcos Izquierdo<\/h2>\t\t\t\t<\/div>\n\t\t\t\t<\/div>\n\t\t\t\t<div class=\"elementor-element elementor-element-ba164a3 elementor-widget elementor-widget-heading\" data-id=\"ba164a3\" data-element_type=\"widget\" data-widget_type=\"heading.default\">\n\t\t\t\t<div class=\"elementor-widget-container\">\n\t\t\t\t\t<h2 class=\"elementor-heading-title elementor-size-default\">DVM, PhD, PGCert. Ophthal. ifevet<\/h2>\t\t\t\t<\/div>\n\t\t\t\t<\/div>\n\t\t\t\t<div class=\"elementor-element elementor-element-27e30442 elementor-widget-divider--view-line elementor-widget elementor-widget-divider\" data-id=\"27e30442\" data-element_type=\"widget\" data-widget_type=\"divider.default\">\n\t\t\t\t<div class=\"elementor-widget-container\">\n\t\t\t\t\t\t\t<div class=\"elementor-divider\">\n\t\t\t<span class=\"elementor-divider-separator\">\n\t\t\t\t\t\t<\/span>\n\t\t<\/div>\n\t\t\t\t\t\t<\/div>\n\t\t\t\t<\/div>\n\t\t\t\t<div class=\"elementor-element elementor-element-63e20468 elementor-widget elementor-widget-text-editor\" data-id=\"63e20468\" data-element_type=\"widget\" data-widget_type=\"text-editor.default\">\n\t\t\t\t<div class=\"elementor-widget-container\">\n\t\t\t\t\t\t\t\t\t<p>Marcos Izquierdo es Licenciado en Veterinaria por la Universidad de Zaragoza-Ecole Nationale V\u00e9t\u00e9rinaire d\u2019Alfort y Licenciado en Biolog\u00eda por la Universidad de Valencia.<\/p><p>Es Diplomado en Oftalmolog\u00eda Veterinaria por la Universidad Aut\u00f3noma de Barcelona y por la Asociaci\u00f3n de Investigaci\u00f3n en Visi\u00f3n y Oftalmolog\u00eda de Buenos Aires.<\/p><p>Posee asimismo el Certificat d\u2019\u00c9tudes Sup\u00e9rieures en Ophtalmologie V\u00e9t\u00e9rinaire de la Ecole Nationale V\u00e9t\u00e9rinaire de Toulouse y la capacitaci\u00f3n para la cirug\u00eda de la catarata y para la cirug\u00eda de la c\u00f3rnea del Centro de Cirug\u00eda de M\u00ednima Invasi\u00f3n Jes\u00fas Us\u00f3n de C\u00e1ceres.<\/p><p>Marcos Izquierdo es el Jefe del Servicio de Oftalmolog\u00eda del IVeM, es responsable del Servicio de Oftalmolog\u00eda del Grupo Veterinario SUMA, del Servicio de Oftalmolog\u00eda del Centro de Referencia Studio Dottori Mattalia en Cuneo (Italia) y del Servicio de Oftalmolog\u00eda del Hospital Veterinario Aitana (Valencia).<\/p><p>Es miembro de la Sociedad Espa\u00f1ola de Oftalmolog\u00eda Veterinaria (SEOVET), del Grupo de Trabajo de Oftalmolog\u00eda de la Asociaci\u00f3n Espa\u00f1ola de Peque\u00f1os Animales (GTA-AVEPA) y de laEuropean Society of Veterinary Ophthalmologists (ESVO).<\/p>\t\t\t\t\t\t\t\t<\/div>\n\t\t\t\t<\/div>\n\t\t\t\t\t<\/div>\n\t\t<\/div>\n\t\t\t\t\t<\/div>\n\t\t<\/section>\n\t\t\t\t<\/div>\n\t\t","protected":false},"excerpt":{"rendered":"<p>DVM, PhD, PGCert. Ophthal. ifevet<\/p>\n","protected":false},"author":1,"featured_media":34727,"comment_status":"closed","ping_status":"closed","sticky":false,"template":"","format":"standard","meta":{"footnotes":""},"categories":[33,45],"tags":[],"class_list":["post-19087","post","type-post","status-publish","format-standard","has-post-thumbnail","hentry","category-ponentes","category-veterinarios"],"yoast_head":"<!-- This site is optimized with the Yoast SEO plugin v27.1.1 - https:\/\/yoast.com\/product\/yoast-seo-wordpress\/ -->\n<title>Marcos Izquierdo | Ifevet International<\/title>\n<meta name=\"description\" content=\"DVM, PhD, PGCert. Ophthal. ifevet | Marcos Izquierdo es Licenciado en Veterinaria por la Universidad de Zaragoza-Ecole Nationale...\" \/>\n<meta name=\"robots\" content=\"index, follow, max-snippet:-1, max-image-preview:large, max-video-preview:-1\" \/>\n<link rel=\"canonical\" href=\"https:\/\/ifevet.com\/latam\/marcos-izquierdo\/\" \/>\n<meta property=\"og:locale\" content=\"es_ES\" \/>\n<meta property=\"og:type\" content=\"article\" \/>\n<meta property=\"og:title\" content=\"Marcos Izquierdo | Ifevet International\" \/>\n<meta property=\"og:description\" content=\"DVM, PhD, PGCert. Ophthal. ifevet | Marcos Izquierdo es Licenciado en Veterinaria por la Universidad de Zaragoza-Ecole Nationale...\" \/>\n<meta property=\"og:url\" content=\"https:\/\/ifevet.com\/latam\/marcos-izquierdo\/\" \/>\n<meta property=\"og:site_name\" content=\"Ifevet International - LATAM\" \/>\n<meta property=\"article:published_time\" content=\"2022-06-29T09:39:39+00:00\" \/>\n<meta property=\"article:modified_time\" content=\"2025-01-15T10:40:38+00:00\" \/>\n<meta property=\"og:image\" content=\"https:\/\/ifevet.com\/latam\/wp-content\/uploads\/sites\/7\/2022\/06\/Marcos-izquierdo-transparente.png\" \/>\n\t<meta property=\"og:image:width\" content=\"270\" \/>\n\t<meta property=\"og:image:height\" content=\"180\" \/>\n\t<meta property=\"og:image:type\" content=\"image\/png\" \/>\n<meta name=\"author\" content=\"admin\" \/>\n<meta name=\"twitter:card\" content=\"summary_large_image\" \/>\n<meta name=\"twitter:label1\" content=\"Escrito por\" \/>\n\t<meta name=\"twitter:data1\" content=\"admin\" \/>\n\t<meta name=\"twitter:label2\" content=\"Tiempo de lectura\" \/>\n\t<meta name=\"twitter:data2\" content=\"2 minutos\" \/>\n<script type=\"application\/ld+json\" class=\"yoast-schema-graph\">{\"@context\":\"https:\/\/schema.org\",\"@graph\":[{\"@type\":\"Article\",\"@id\":\"https:\/\/ifevet.com\/latam\/marcos-izquierdo\/#article\",\"isPartOf\":{\"@id\":\"https:\/\/ifevet.com\/latam\/marcos-izquierdo\/\"},\"author\":{\"name\":\"admin\",\"@id\":\"https:\/\/ifevet.com\/latam\/#\/schema\/person\/dff617da2ff42828a70bf3d3e8ad0238\"},\"headline\":\"Marcos Izquierdo\",\"datePublished\":\"2022-06-29T09:39:39+00:00\",\"dateModified\":\"2025-01-15T10:40:38+00:00\",\"mainEntityOfPage\":{\"@id\":\"https:\/\/ifevet.com\/latam\/marcos-izquierdo\/\"},\"wordCount\":212,\"image\":{\"@id\":\"https:\/\/ifevet.com\/latam\/marcos-izquierdo\/#primaryimage\"},\"thumbnailUrl\":\"https:\/\/ifevet.com\/latam\/wp-content\/uploads\/sites\/7\/2022\/06\/Marcos-izquierdo-transparente.png\",\"articleSection\":[\"Ponentes\",\"Veterinarios\"],\"inLanguage\":\"es\"},{\"@type\":\"WebPage\",\"@id\":\"https:\/\/ifevet.com\/latam\/marcos-izquierdo\/\",\"url\":\"https:\/\/ifevet.com\/latam\/marcos-izquierdo\/\",\"name\":\"Marcos Izquierdo | Ifevet International\",\"isPartOf\":{\"@id\":\"https:\/\/ifevet.com\/latam\/#website\"},\"primaryImageOfPage\":{\"@id\":\"https:\/\/ifevet.com\/latam\/marcos-izquierdo\/#primaryimage\"},\"image\":{\"@id\":\"https:\/\/ifevet.com\/latam\/marcos-izquierdo\/#primaryimage\"},\"thumbnailUrl\":\"https:\/\/ifevet.com\/latam\/wp-content\/uploads\/sites\/7\/2022\/06\/Marcos-izquierdo-transparente.png\",\"datePublished\":\"2022-06-29T09:39:39+00:00\",\"dateModified\":\"2025-01-15T10:40:38+00:00\",\"author\":{\"@id\":\"https:\/\/ifevet.com\/latam\/#\/schema\/person\/dff617da2ff42828a70bf3d3e8ad0238\"},\"description\":\"DVM, PhD, PGCert. Ophthal. ifevet | Marcos Izquierdo es Licenciado en Veterinaria por la Universidad de Zaragoza-Ecole Nationale...\",\"breadcrumb\":{\"@id\":\"https:\/\/ifevet.com\/latam\/marcos-izquierdo\/#breadcrumb\"},\"inLanguage\":\"es\",\"potentialAction\":[{\"@type\":\"ReadAction\",\"target\":[\"https:\/\/ifevet.com\/latam\/marcos-izquierdo\/\"]}]},{\"@type\":\"ImageObject\",\"inLanguage\":\"es\",\"@id\":\"https:\/\/ifevet.com\/latam\/marcos-izquierdo\/#primaryimage\",\"url\":\"https:\/\/ifevet.com\/latam\/wp-content\/uploads\/sites\/7\/2022\/06\/Marcos-izquierdo-transparente.png\",\"contentUrl\":\"https:\/\/ifevet.com\/latam\/wp-content\/uploads\/sites\/7\/2022\/06\/Marcos-izquierdo-transparente.png\",\"width\":270,\"height\":180},{\"@type\":\"BreadcrumbList\",\"@id\":\"https:\/\/ifevet.com\/latam\/marcos-izquierdo\/#breadcrumb\",\"itemListElement\":[{\"@type\":\"ListItem\",\"position\":1,\"name\":\"Portada\",\"item\":\"https:\/\/ifevet.com\/latam\/\"},{\"@type\":\"ListItem\",\"position\":2,\"name\":\"Marcos Izquierdo\"}]},{\"@type\":\"WebSite\",\"@id\":\"https:\/\/ifevet.com\/latam\/#website\",\"url\":\"https:\/\/ifevet.com\/latam\/\",\"name\":\"Ifevet International - LATAM\",\"description\":\"Instituto Internacional de Formaci\u00f3n Veterinaria\",\"potentialAction\":[{\"@type\":\"SearchAction\",\"target\":{\"@type\":\"EntryPoint\",\"urlTemplate\":\"https:\/\/ifevet.com\/latam\/?s={search_term_string}\"},\"query-input\":{\"@type\":\"PropertyValueSpecification\",\"valueRequired\":true,\"valueName\":\"search_term_string\"}}],\"inLanguage\":\"es\"},{\"@type\":\"Person\",\"@id\":\"https:\/\/ifevet.com\/latam\/#\/schema\/person\/dff617da2ff42828a70bf3d3e8ad0238\",\"name\":\"admin\",\"image\":{\"@type\":\"ImageObject\",\"inLanguage\":\"es\",\"@id\":\"https:\/\/ifevet.com\/latam\/#\/schema\/person\/image\/\",\"url\":\"https:\/\/secure.gravatar.com\/avatar\/20465fd60955541e129d551ed1d61ddae99ffa7509c027093b176d15984feef3?s=96&d=mm&r=g\",\"contentUrl\":\"https:\/\/secure.gravatar.com\/avatar\/20465fd60955541e129d551ed1d61ddae99ffa7509c027093b176d15984feef3?s=96&d=mm&r=g\",\"caption\":\"admin\"},\"sameAs\":[\"https:\/\/ifevet.com\"],\"url\":\"https:\/\/ifevet.com\/latam\/author\/boadeche\/\"}]}<\/script>\n<!-- \/ Yoast SEO plugin. -->","yoast_head_json":{"title":"Marcos Izquierdo | Ifevet International","description":"DVM, PhD, PGCert. Ophthal. ifevet | Marcos Izquierdo es Licenciado en Veterinaria por la Universidad de Zaragoza-Ecole Nationale...","robots":{"index":"index","follow":"follow","max-snippet":"max-snippet:-1","max-image-preview":"max-image-preview:large","max-video-preview":"max-video-preview:-1"},"canonical":"https:\/\/ifevet.com\/latam\/marcos-izquierdo\/","og_locale":"es_ES","og_type":"article","og_title":"Marcos Izquierdo | Ifevet International","og_description":"DVM, PhD, PGCert. Ophthal. ifevet | Marcos Izquierdo es Licenciado en Veterinaria por la Universidad de Zaragoza-Ecole Nationale...","og_url":"https:\/\/ifevet.com\/latam\/marcos-izquierdo\/","og_site_name":"Ifevet International - LATAM","article_published_time":"2022-06-29T09:39:39+00:00","article_modified_time":"2025-01-15T10:40:38+00:00","og_image":[{"width":270,"height":180,"url":"https:\/\/ifevet.com\/latam\/wp-content\/uploads\/sites\/7\/2022\/06\/Marcos-izquierdo-transparente.png","type":"image\/png"}],"author":"admin","twitter_card":"summary_large_image","twitter_misc":{"Escrito por":"admin","Tiempo de lectura":"2 minutos"},"schema":{"@context":"https:\/\/schema.org","@graph":[{"@type":"Article","@id":"https:\/\/ifevet.com\/latam\/marcos-izquierdo\/#article","isPartOf":{"@id":"https:\/\/ifevet.com\/latam\/marcos-izquierdo\/"},"author":{"name":"admin","@id":"https:\/\/ifevet.com\/latam\/#\/schema\/person\/dff617da2ff42828a70bf3d3e8ad0238"},"headline":"Marcos Izquierdo","datePublished":"2022-06-29T09:39:39+00:00","dateModified":"2025-01-15T10:40:38+00:00","mainEntityOfPage":{"@id":"https:\/\/ifevet.com\/latam\/marcos-izquierdo\/"},"wordCount":212,"image":{"@id":"https:\/\/ifevet.com\/latam\/marcos-izquierdo\/#primaryimage"},"thumbnailUrl":"https:\/\/ifevet.com\/latam\/wp-content\/uploads\/sites\/7\/2022\/06\/Marcos-izquierdo-transparente.png","articleSection":["Ponentes","Veterinarios"],"inLanguage":"es"},{"@type":"WebPage","@id":"https:\/\/ifevet.com\/latam\/marcos-izquierdo\/","url":"https:\/\/ifevet.com\/latam\/marcos-izquierdo\/","name":"Marcos Izquierdo | Ifevet International","isPartOf":{"@id":"https:\/\/ifevet.com\/latam\/#website"},"primaryImageOfPage":{"@id":"https:\/\/ifevet.com\/latam\/marcos-izquierdo\/#primaryimage"},"image":{"@id":"https:\/\/ifevet.com\/latam\/marcos-izquierdo\/#primaryimage"},"thumbnailUrl":"https:\/\/ifevet.com\/latam\/wp-content\/uploads\/sites\/7\/2022\/06\/Marcos-izquierdo-transparente.png","datePublished":"2022-06-29T09:39:39+00:00","dateModified":"2025-01-15T10:40:38+00:00","author":{"@id":"https:\/\/ifevet.com\/latam\/#\/schema\/person\/dff617da2ff42828a70bf3d3e8ad0238"},"description":"DVM, PhD, PGCert. Ophthal. ifevet | Marcos Izquierdo es Licenciado en Veterinaria por la Universidad de Zaragoza-Ecole Nationale...","breadcrumb":{"@id":"https:\/\/ifevet.com\/latam\/marcos-izquierdo\/#breadcrumb"},"inLanguage":"es","potentialAction":[{"@type":"ReadAction","target":["https:\/\/ifevet.com\/latam\/marcos-izquierdo\/"]}]},{"@type":"ImageObject","inLanguage":"es","@id":"https:\/\/ifevet.com\/latam\/marcos-izquierdo\/#primaryimage","url":"https:\/\/ifevet.com\/latam\/wp-content\/uploads\/sites\/7\/2022\/06\/Marcos-izquierdo-transparente.png","contentUrl":"https:\/\/ifevet.com\/latam\/wp-content\/uploads\/sites\/7\/2022\/06\/Marcos-izquierdo-transparente.png","width":270,"height":180},{"@type":"BreadcrumbList","@id":"https:\/\/ifevet.com\/latam\/marcos-izquierdo\/#breadcrumb","itemListElement":[{"@type":"ListItem","position":1,"name":"Portada","item":"https:\/\/ifevet.com\/latam\/"},{"@type":"ListItem","position":2,"name":"Marcos Izquierdo"}]},{"@type":"WebSite","@id":"https:\/\/ifevet.com\/latam\/#website","url":"https:\/\/ifevet.com\/latam\/","name":"Ifevet International - LATAM","description":"Instituto Internacional de Formaci\u00f3n Veterinaria","potentialAction":[{"@type":"SearchAction","target":{"@type":"EntryPoint","urlTemplate":"https:\/\/ifevet.com\/latam\/?s={search_term_string}"},"query-input":{"@type":"PropertyValueSpecification","valueRequired":true,"valueName":"search_term_string"}}],"inLanguage":"es"},{"@type":"Person","@id":"https:\/\/ifevet.com\/latam\/#\/schema\/person\/dff617da2ff42828a70bf3d3e8ad0238","name":"admin","image":{"@type":"ImageObject","inLanguage":"es","@id":"https:\/\/ifevet.com\/latam\/#\/schema\/person\/image\/","url":"https:\/\/secure.gravatar.com\/avatar\/20465fd60955541e129d551ed1d61ddae99ffa7509c027093b176d15984feef3?s=96&d=mm&r=g","contentUrl":"https:\/\/secure.gravatar.com\/avatar\/20465fd60955541e129d551ed1d61ddae99ffa7509c027093b176d15984feef3?s=96&d=mm&r=g","caption":"admin"},"sameAs":["https:\/\/ifevet.com"],"url":"https:\/\/ifevet.com\/latam\/author\/boadeche\/"}]}},"_links":{"self":[{"href":"https:\/\/ifevet.com\/latam\/wp-json\/wp\/v2\/posts\/19087","targetHints":{"allow":["GET"]}}],"collection":[{"href":"https:\/\/ifevet.com\/latam\/wp-json\/wp\/v2\/posts"}],"about":[{"href":"https:\/\/ifevet.com\/latam\/wp-json\/wp\/v2\/types\/post"}],"author":[{"embeddable":true,"href":"https:\/\/ifevet.com\/latam\/wp-json\/wp\/v2\/users\/1"}],"replies":[{"embeddable":true,"href":"https:\/\/ifevet.com\/latam\/wp-json\/wp\/v2\/comments?post=19087"}],"version-history":[{"count":15,"href":"https:\/\/ifevet.com\/latam\/wp-json\/wp\/v2\/posts\/19087\/revisions"}],"predecessor-version":[{"id":45337,"href":"https:\/\/ifevet.com\/latam\/wp-json\/wp\/v2\/posts\/19087\/revisions\/45337"}],"wp:featuredmedia":[{"embeddable":true,"href":"https:\/\/ifevet.com\/latam\/wp-json\/wp\/v2\/media\/34727"}],"wp:attachment":[{"href":"https:\/\/ifevet.com\/latam\/wp-json\/wp\/v2\/media?parent=19087"}],"wp:term":[{"taxonomy":"category","embeddable":true,"href":"https:\/\/ifevet.com\/latam\/wp-json\/wp\/v2\/categories?post=19087"},{"taxonomy":"post_tag","embeddable":true,"href":"https:\/\/ifevet.com\/latam\/wp-json\/wp\/v2\/tags?post=19087"}],"curies":[{"name":"wp","href":"https:\/\/api.w.org\/{rel}","templated":true}]}}