{"id":35721,"date":"2023-06-26T09:54:00","date_gmt":"2023-06-26T09:54:00","guid":{"rendered":"https:\/\/ifevet.com\/latam\/?p=35721"},"modified":"2025-01-15T10:25:32","modified_gmt":"2025-01-15T10:25:32","slug":"pilar-castello","status":"publish","type":"post","link":"https:\/\/ifevet.com\/latam\/pilar-castello\/","title":{"rendered":"Pilar Castell\u00f3"},"content":{"rendered":"\t\t<div data-elementor-type=\"wp-post\" data-elementor-id=\"35721\" class=\"elementor elementor-35721\" data-elementor-post-type=\"post\">\n\t\t\t\t\t\t<section class=\"elementor-section elementor-top-section elementor-element elementor-element-30e0a70c elementor-section-boxed elementor-section-height-default elementor-section-height-default\" data-id=\"30e0a70c\" data-element_type=\"section\">\n\t\t\t\t\t\t<div class=\"elementor-container elementor-column-gap-default\">\n\t\t\t\t\t<div class=\"elementor-column elementor-col-50 elementor-top-column elementor-element elementor-element-3fcf3b58\" data-id=\"3fcf3b58\" data-element_type=\"column\">\n\t\t\t<div class=\"elementor-widget-wrap elementor-element-populated\">\n\t\t\t\t\t\t<div class=\"elementor-element elementor-element-e2e8f0c elementor-widget elementor-widget-image\" data-id=\"e2e8f0c\" data-element_type=\"widget\" data-widget_type=\"image.default\">\n\t\t\t\t<div class=\"elementor-widget-container\">\n\t\t\t\t\t\t\t\t\t\t\t\t\t\t\t<img fetchpriority=\"high\" decoding=\"async\" width=\"724\" height=\"345\" src=\"https:\/\/ifevet.com\/latam\/wp-content\/uploads\/sites\/7\/2023\/06\/pilar-castello-docente.png\" class=\"attachment-large size-large wp-image-35989\" alt=\"\" srcset=\"https:\/\/ifevet.com\/latam\/wp-content\/uploads\/sites\/7\/2023\/06\/pilar-castello-docente.png 724w, https:\/\/ifevet.com\/latam\/wp-content\/uploads\/sites\/7\/2023\/06\/pilar-castello-docente-300x143.png 300w, https:\/\/ifevet.com\/latam\/wp-content\/uploads\/sites\/7\/2023\/06\/pilar-castello-docente-600x286.png 600w\" sizes=\"(max-width: 724px) 100vw, 724px\" \/>\t\t\t\t\t\t\t\t\t\t\t\t\t\t\t<\/div>\n\t\t\t\t<\/div>\n\t\t\t\t\t<\/div>\n\t\t<\/div>\n\t\t\t\t<div class=\"elementor-column elementor-col-50 elementor-top-column elementor-element elementor-element-495f2706\" data-id=\"495f2706\" data-element_type=\"column\">\n\t\t\t<div class=\"elementor-widget-wrap elementor-element-populated\">\n\t\t\t\t\t\t<div class=\"elementor-element elementor-element-7a14ec8a elementor-widget elementor-widget-heading\" data-id=\"7a14ec8a\" data-element_type=\"widget\" data-widget_type=\"heading.default\">\n\t\t\t\t<div class=\"elementor-widget-container\">\n\t\t\t\t\t<h2 class=\"elementor-heading-title elementor-size-default\">Pilar Castell\u00f3<\/h2>\t\t\t\t<\/div>\n\t\t\t\t<\/div>\n\t\t\t\t<div class=\"elementor-element elementor-element-2acd3cf6 elementor-widget elementor-widget-heading\" data-id=\"2acd3cf6\" data-element_type=\"widget\" data-widget_type=\"heading.default\">\n\t\t\t\t<div class=\"elementor-widget-container\">\n\t\t\t\t\t<h2 class=\"elementor-heading-title elementor-size-default\">Lda. Vet, Acred. AVEPA Odontolog\u00eda, PGCert. Dent. ifevet<\/h2>\t\t\t\t<\/div>\n\t\t\t\t<\/div>\n\t\t\t\t<div class=\"elementor-element elementor-element-5e6f9388 elementor-widget-divider--view-line elementor-widget elementor-widget-divider\" data-id=\"5e6f9388\" data-element_type=\"widget\" data-widget_type=\"divider.default\">\n\t\t\t\t<div class=\"elementor-widget-container\">\n\t\t\t\t\t\t\t<div class=\"elementor-divider\">\n\t\t\t<span class=\"elementor-divider-separator\">\n\t\t\t\t\t\t<\/span>\n\t\t<\/div>\n\t\t\t\t\t\t<\/div>\n\t\t\t\t<\/div>\n\t\t\t\t<div class=\"elementor-element elementor-element-49e3c51a elementor-widget elementor-widget-text-editor\" data-id=\"49e3c51a\" data-element_type=\"widget\" data-widget_type=\"text-editor.default\">\n\t\t\t\t<div class=\"elementor-widget-container\">\n\t\t\t\t\t\t\t\t\t<p>Pilar es licenciada en Veterinaria por la Universidad Cardenal Herrera CEU, Valencia, des del 2003.<\/p><p>Poco despu\u00e9s de iniciar su actividad como veterinaria cl\u00ednica, en 2006 comenz\u00f3 su especializaci\u00f3n por medio de cursos, congresos y sesiones pr\u00e1cticas especializadas tanto a nivel nacional como internacional.<\/p><p>En 2009 funda el primer servicio de odontolog\u00eda y cirug\u00eda oral veterinaria en la Comunidad Valenciana. A\u00f1os despu\u00e9s, en el 2015 obtuvo la Acreditaci\u00f3n AVEPA en Odontolog\u00eda y Cirug\u00eda Oral.<\/p><p>Actualmente es la responsable del Servicio de Odontolog\u00eda Suma Grupo Veterinario, ofreciendo sus servicios en m\u00e1s de 150 centros veterinarios. Compagina dicha actividad con la de responsable del Servicio de Odontolog\u00eda del Hospital de referencia AUNA Especialidades Veterinarias.<\/p><p>Pilar es socia fundadora y responsable del Servicio de Odontolog\u00eda en IVEM (Instituto veterinario Mediterr\u00e1neo), primer centro especializado en Odontolog\u00eda y Cirug\u00eda Oral de la Comunidad Valenciana.<\/p><p>Pilar es ponente habitual en cursos de formaci\u00f3n y congresos a nivel nacional. Tambi\u00e9n es autora de art\u00edculos cient\u00edficos tanto a nivel nacional como internacional y socia de las principales sociedades de odontolog\u00eda veterinaria nacionales e internacionales.<\/p>\t\t\t\t\t\t\t\t<\/div>\n\t\t\t\t<\/div>\n\t\t\t\t\t<\/div>\n\t\t<\/div>\n\t\t\t\t\t<\/div>\n\t\t<\/section>\n\t\t\t\t<\/div>\n\t\t","protected":false},"excerpt":{"rendered":"<p>Lda. Vet,<br \/>\nAcred. AVEPA Odontolog\u00eda, PGCert. Dent. ifevet<\/p>\n","protected":false},"author":1,"featured_media":35989,"comment_status":"closed","ping_status":"closed","sticky":false,"template":"","format":"standard","meta":{"footnotes":""},"categories":[33,45],"tags":[],"class_list":["post-35721","post","type-post","status-publish","format-standard","has-post-thumbnail","hentry","category-ponentes","category-veterinarios"],"yoast_head":"<!-- This site is optimized with the Yoast SEO plugin v27.1.1 - https:\/\/yoast.com\/product\/yoast-seo-wordpress\/ -->\n<title>Pilar Castell\u00f3 | Ifevet International<\/title>\n<meta name=\"description\" content=\"Lda. Vet, Acred. AVEPA Odontolog\u00eda, PGCert. Dent. ifevet | Pilar es licenciada en Veterinaria por la Universidad Cardenal Herrera...\" \/>\n<meta name=\"robots\" content=\"index, follow, max-snippet:-1, max-image-preview:large, max-video-preview:-1\" \/>\n<link rel=\"canonical\" href=\"https:\/\/ifevet.com\/latam\/pilar-castello\/\" \/>\n<meta property=\"og:locale\" content=\"es_ES\" \/>\n<meta property=\"og:type\" content=\"article\" \/>\n<meta property=\"og:title\" content=\"Pilar Castell\u00f3 | Ifevet International\" \/>\n<meta property=\"og:description\" content=\"Lda. Vet, Acred. AVEPA Odontolog\u00eda, PGCert. Dent. ifevet | Pilar es licenciada en Veterinaria por la Universidad Cardenal Herrera...\" \/>\n<meta property=\"og:url\" content=\"https:\/\/ifevet.com\/latam\/pilar-castello\/\" \/>\n<meta property=\"og:site_name\" content=\"Ifevet International - LATAM\" \/>\n<meta property=\"article:published_time\" content=\"2023-06-26T09:54:00+00:00\" \/>\n<meta property=\"article:modified_time\" content=\"2025-01-15T10:25:32+00:00\" \/>\n<meta property=\"og:image\" content=\"https:\/\/ifevet.com\/latam\/wp-content\/uploads\/sites\/7\/2023\/06\/pilar-castello-docente.png\" \/>\n\t<meta property=\"og:image:width\" content=\"724\" \/>\n\t<meta property=\"og:image:height\" content=\"345\" \/>\n\t<meta property=\"og:image:type\" content=\"image\/png\" \/>\n<meta name=\"author\" content=\"admin\" \/>\n<meta name=\"twitter:card\" content=\"summary_large_image\" \/>\n<meta name=\"twitter:label1\" content=\"Escrito por\" \/>\n\t<meta name=\"twitter:data1\" content=\"admin\" \/>\n\t<meta name=\"twitter:label2\" content=\"Tiempo de lectura\" \/>\n\t<meta name=\"twitter:data2\" content=\"2 minutos\" \/>\n<script type=\"application\/ld+json\" class=\"yoast-schema-graph\">{\"@context\":\"https:\/\/schema.org\",\"@graph\":[{\"@type\":\"Article\",\"@id\":\"https:\/\/ifevet.com\/latam\/pilar-castello\/#article\",\"isPartOf\":{\"@id\":\"https:\/\/ifevet.com\/latam\/pilar-castello\/\"},\"author\":{\"name\":\"admin\",\"@id\":\"https:\/\/ifevet.com\/latam\/#\/schema\/person\/dff617da2ff42828a70bf3d3e8ad0238\"},\"headline\":\"Pilar Castell\u00f3\",\"datePublished\":\"2023-06-26T09:54:00+00:00\",\"dateModified\":\"2025-01-15T10:25:32+00:00\",\"mainEntityOfPage\":{\"@id\":\"https:\/\/ifevet.com\/latam\/pilar-castello\/\"},\"wordCount\":207,\"image\":{\"@id\":\"https:\/\/ifevet.com\/latam\/pilar-castello\/#primaryimage\"},\"thumbnailUrl\":\"https:\/\/ifevet.com\/latam\/wp-content\/uploads\/sites\/7\/2023\/06\/pilar-castello-docente.png\",\"articleSection\":[\"Ponentes\",\"Veterinarios\"],\"inLanguage\":\"es\"},{\"@type\":\"WebPage\",\"@id\":\"https:\/\/ifevet.com\/latam\/pilar-castello\/\",\"url\":\"https:\/\/ifevet.com\/latam\/pilar-castello\/\",\"name\":\"Pilar Castell\u00f3 | Ifevet International\",\"isPartOf\":{\"@id\":\"https:\/\/ifevet.com\/latam\/#website\"},\"primaryImageOfPage\":{\"@id\":\"https:\/\/ifevet.com\/latam\/pilar-castello\/#primaryimage\"},\"image\":{\"@id\":\"https:\/\/ifevet.com\/latam\/pilar-castello\/#primaryimage\"},\"thumbnailUrl\":\"https:\/\/ifevet.com\/latam\/wp-content\/uploads\/sites\/7\/2023\/06\/pilar-castello-docente.png\",\"datePublished\":\"2023-06-26T09:54:00+00:00\",\"dateModified\":\"2025-01-15T10:25:32+00:00\",\"author\":{\"@id\":\"https:\/\/ifevet.com\/latam\/#\/schema\/person\/dff617da2ff42828a70bf3d3e8ad0238\"},\"description\":\"Lda. Vet, Acred. AVEPA Odontolog\u00eda, PGCert. Dent. ifevet | Pilar es licenciada en Veterinaria por la Universidad Cardenal Herrera...\",\"breadcrumb\":{\"@id\":\"https:\/\/ifevet.com\/latam\/pilar-castello\/#breadcrumb\"},\"inLanguage\":\"es\",\"potentialAction\":[{\"@type\":\"ReadAction\",\"target\":[\"https:\/\/ifevet.com\/latam\/pilar-castello\/\"]}]},{\"@type\":\"ImageObject\",\"inLanguage\":\"es\",\"@id\":\"https:\/\/ifevet.com\/latam\/pilar-castello\/#primaryimage\",\"url\":\"https:\/\/ifevet.com\/latam\/wp-content\/uploads\/sites\/7\/2023\/06\/pilar-castello-docente.png\",\"contentUrl\":\"https:\/\/ifevet.com\/latam\/wp-content\/uploads\/sites\/7\/2023\/06\/pilar-castello-docente.png\",\"width\":724,\"height\":345},{\"@type\":\"BreadcrumbList\",\"@id\":\"https:\/\/ifevet.com\/latam\/pilar-castello\/#breadcrumb\",\"itemListElement\":[{\"@type\":\"ListItem\",\"position\":1,\"name\":\"Portada\",\"item\":\"https:\/\/ifevet.com\/latam\/\"},{\"@type\":\"ListItem\",\"position\":2,\"name\":\"Pilar Castell\u00f3\"}]},{\"@type\":\"WebSite\",\"@id\":\"https:\/\/ifevet.com\/latam\/#website\",\"url\":\"https:\/\/ifevet.com\/latam\/\",\"name\":\"Ifevet International - LATAM\",\"description\":\"Instituto Internacional de Formaci\u00f3n Veterinaria\",\"potentialAction\":[{\"@type\":\"SearchAction\",\"target\":{\"@type\":\"EntryPoint\",\"urlTemplate\":\"https:\/\/ifevet.com\/latam\/?s={search_term_string}\"},\"query-input\":{\"@type\":\"PropertyValueSpecification\",\"valueRequired\":true,\"valueName\":\"search_term_string\"}}],\"inLanguage\":\"es\"},{\"@type\":\"Person\",\"@id\":\"https:\/\/ifevet.com\/latam\/#\/schema\/person\/dff617da2ff42828a70bf3d3e8ad0238\",\"name\":\"admin\",\"image\":{\"@type\":\"ImageObject\",\"inLanguage\":\"es\",\"@id\":\"https:\/\/ifevet.com\/latam\/#\/schema\/person\/image\/\",\"url\":\"https:\/\/secure.gravatar.com\/avatar\/20465fd60955541e129d551ed1d61ddae99ffa7509c027093b176d15984feef3?s=96&d=mm&r=g\",\"contentUrl\":\"https:\/\/secure.gravatar.com\/avatar\/20465fd60955541e129d551ed1d61ddae99ffa7509c027093b176d15984feef3?s=96&d=mm&r=g\",\"caption\":\"admin\"},\"sameAs\":[\"https:\/\/ifevet.com\"],\"url\":\"https:\/\/ifevet.com\/latam\/author\/boadeche\/\"}]}<\/script>\n<!-- \/ Yoast SEO plugin. -->","yoast_head_json":{"title":"Pilar Castell\u00f3 | Ifevet International","description":"Lda. Vet, Acred. AVEPA Odontolog\u00eda, PGCert. Dent. ifevet | Pilar es licenciada en Veterinaria por la Universidad Cardenal Herrera...","robots":{"index":"index","follow":"follow","max-snippet":"max-snippet:-1","max-image-preview":"max-image-preview:large","max-video-preview":"max-video-preview:-1"},"canonical":"https:\/\/ifevet.com\/latam\/pilar-castello\/","og_locale":"es_ES","og_type":"article","og_title":"Pilar Castell\u00f3 | Ifevet International","og_description":"Lda. Vet, Acred. AVEPA Odontolog\u00eda, PGCert. Dent. ifevet | Pilar es licenciada en Veterinaria por la Universidad Cardenal Herrera...","og_url":"https:\/\/ifevet.com\/latam\/pilar-castello\/","og_site_name":"Ifevet International - LATAM","article_published_time":"2023-06-26T09:54:00+00:00","article_modified_time":"2025-01-15T10:25:32+00:00","og_image":[{"width":724,"height":345,"url":"https:\/\/ifevet.com\/latam\/wp-content\/uploads\/sites\/7\/2023\/06\/pilar-castello-docente.png","type":"image\/png"}],"author":"admin","twitter_card":"summary_large_image","twitter_misc":{"Escrito por":"admin","Tiempo de lectura":"2 minutos"},"schema":{"@context":"https:\/\/schema.org","@graph":[{"@type":"Article","@id":"https:\/\/ifevet.com\/latam\/pilar-castello\/#article","isPartOf":{"@id":"https:\/\/ifevet.com\/latam\/pilar-castello\/"},"author":{"name":"admin","@id":"https:\/\/ifevet.com\/latam\/#\/schema\/person\/dff617da2ff42828a70bf3d3e8ad0238"},"headline":"Pilar Castell\u00f3","datePublished":"2023-06-26T09:54:00+00:00","dateModified":"2025-01-15T10:25:32+00:00","mainEntityOfPage":{"@id":"https:\/\/ifevet.com\/latam\/pilar-castello\/"},"wordCount":207,"image":{"@id":"https:\/\/ifevet.com\/latam\/pilar-castello\/#primaryimage"},"thumbnailUrl":"https:\/\/ifevet.com\/latam\/wp-content\/uploads\/sites\/7\/2023\/06\/pilar-castello-docente.png","articleSection":["Ponentes","Veterinarios"],"inLanguage":"es"},{"@type":"WebPage","@id":"https:\/\/ifevet.com\/latam\/pilar-castello\/","url":"https:\/\/ifevet.com\/latam\/pilar-castello\/","name":"Pilar Castell\u00f3 | Ifevet International","isPartOf":{"@id":"https:\/\/ifevet.com\/latam\/#website"},"primaryImageOfPage":{"@id":"https:\/\/ifevet.com\/latam\/pilar-castello\/#primaryimage"},"image":{"@id":"https:\/\/ifevet.com\/latam\/pilar-castello\/#primaryimage"},"thumbnailUrl":"https:\/\/ifevet.com\/latam\/wp-content\/uploads\/sites\/7\/2023\/06\/pilar-castello-docente.png","datePublished":"2023-06-26T09:54:00+00:00","dateModified":"2025-01-15T10:25:32+00:00","author":{"@id":"https:\/\/ifevet.com\/latam\/#\/schema\/person\/dff617da2ff42828a70bf3d3e8ad0238"},"description":"Lda. Vet, Acred. AVEPA Odontolog\u00eda, PGCert. Dent. ifevet | Pilar es licenciada en Veterinaria por la Universidad Cardenal Herrera...","breadcrumb":{"@id":"https:\/\/ifevet.com\/latam\/pilar-castello\/#breadcrumb"},"inLanguage":"es","potentialAction":[{"@type":"ReadAction","target":["https:\/\/ifevet.com\/latam\/pilar-castello\/"]}]},{"@type":"ImageObject","inLanguage":"es","@id":"https:\/\/ifevet.com\/latam\/pilar-castello\/#primaryimage","url":"https:\/\/ifevet.com\/latam\/wp-content\/uploads\/sites\/7\/2023\/06\/pilar-castello-docente.png","contentUrl":"https:\/\/ifevet.com\/latam\/wp-content\/uploads\/sites\/7\/2023\/06\/pilar-castello-docente.png","width":724,"height":345},{"@type":"BreadcrumbList","@id":"https:\/\/ifevet.com\/latam\/pilar-castello\/#breadcrumb","itemListElement":[{"@type":"ListItem","position":1,"name":"Portada","item":"https:\/\/ifevet.com\/latam\/"},{"@type":"ListItem","position":2,"name":"Pilar Castell\u00f3"}]},{"@type":"WebSite","@id":"https:\/\/ifevet.com\/latam\/#website","url":"https:\/\/ifevet.com\/latam\/","name":"Ifevet International - LATAM","description":"Instituto Internacional de Formaci\u00f3n Veterinaria","potentialAction":[{"@type":"SearchAction","target":{"@type":"EntryPoint","urlTemplate":"https:\/\/ifevet.com\/latam\/?s={search_term_string}"},"query-input":{"@type":"PropertyValueSpecification","valueRequired":true,"valueName":"search_term_string"}}],"inLanguage":"es"},{"@type":"Person","@id":"https:\/\/ifevet.com\/latam\/#\/schema\/person\/dff617da2ff42828a70bf3d3e8ad0238","name":"admin","image":{"@type":"ImageObject","inLanguage":"es","@id":"https:\/\/ifevet.com\/latam\/#\/schema\/person\/image\/","url":"https:\/\/secure.gravatar.com\/avatar\/20465fd60955541e129d551ed1d61ddae99ffa7509c027093b176d15984feef3?s=96&d=mm&r=g","contentUrl":"https:\/\/secure.gravatar.com\/avatar\/20465fd60955541e129d551ed1d61ddae99ffa7509c027093b176d15984feef3?s=96&d=mm&r=g","caption":"admin"},"sameAs":["https:\/\/ifevet.com"],"url":"https:\/\/ifevet.com\/latam\/author\/boadeche\/"}]}},"_links":{"self":[{"href":"https:\/\/ifevet.com\/latam\/wp-json\/wp\/v2\/posts\/35721","targetHints":{"allow":["GET"]}}],"collection":[{"href":"https:\/\/ifevet.com\/latam\/wp-json\/wp\/v2\/posts"}],"about":[{"href":"https:\/\/ifevet.com\/latam\/wp-json\/wp\/v2\/types\/post"}],"author":[{"embeddable":true,"href":"https:\/\/ifevet.com\/latam\/wp-json\/wp\/v2\/users\/1"}],"replies":[{"embeddable":true,"href":"https:\/\/ifevet.com\/latam\/wp-json\/wp\/v2\/comments?post=35721"}],"version-history":[{"count":25,"href":"https:\/\/ifevet.com\/latam\/wp-json\/wp\/v2\/posts\/35721\/revisions"}],"predecessor-version":[{"id":45314,"href":"https:\/\/ifevet.com\/latam\/wp-json\/wp\/v2\/posts\/35721\/revisions\/45314"}],"wp:featuredmedia":[{"embeddable":true,"href":"https:\/\/ifevet.com\/latam\/wp-json\/wp\/v2\/media\/35989"}],"wp:attachment":[{"href":"https:\/\/ifevet.com\/latam\/wp-json\/wp\/v2\/media?parent=35721"}],"wp:term":[{"taxonomy":"category","embeddable":true,"href":"https:\/\/ifevet.com\/latam\/wp-json\/wp\/v2\/categories?post=35721"},{"taxonomy":"post_tag","embeddable":true,"href":"https:\/\/ifevet.com\/latam\/wp-json\/wp\/v2\/tags?post=35721"}],"curies":[{"name":"wp","href":"https:\/\/api.w.org\/{rel}","templated":true}]}}