{"id":40310,"date":"2023-10-17T15:32:43","date_gmt":"2023-10-17T15:32:43","guid":{"rendered":"https:\/\/ifevet.com\/latam\/?p=40310"},"modified":"2025-01-15T09:25:33","modified_gmt":"2025-01-15T09:25:33","slug":"laura-izquierdo","status":"publish","type":"post","link":"https:\/\/ifevet.com\/latam\/laura-izquierdo\/","title":{"rendered":"Laura Izquierdo"},"content":{"rendered":"\t\t<div data-elementor-type=\"wp-post\" data-elementor-id=\"40310\" class=\"elementor elementor-40310\" data-elementor-post-type=\"post\">\n\t\t\t\t\t\t<section class=\"elementor-section elementor-top-section elementor-element elementor-element-fcd1061 elementor-section-boxed elementor-section-height-default elementor-section-height-default\" data-id=\"fcd1061\" data-element_type=\"section\">\n\t\t\t\t\t\t<div class=\"elementor-container elementor-column-gap-default\">\n\t\t\t\t\t<div class=\"elementor-column elementor-col-100 elementor-top-column elementor-element elementor-element-3c7dd76\" data-id=\"3c7dd76\" data-element_type=\"column\">\n\t\t\t<div class=\"elementor-widget-wrap elementor-element-populated\">\n\t\t\t\t\t\t<div class=\"elementor-element elementor-element-b90e72f elementor-widget elementor-widget-spacer\" data-id=\"b90e72f\" data-element_type=\"widget\" data-widget_type=\"spacer.default\">\n\t\t\t\t<div class=\"elementor-widget-container\">\n\t\t\t\t\t\t\t<div class=\"elementor-spacer\">\n\t\t\t<div class=\"elementor-spacer-inner\"><\/div>\n\t\t<\/div>\n\t\t\t\t\t\t<\/div>\n\t\t\t\t<\/div>\n\t\t\t\t\t<\/div>\n\t\t<\/div>\n\t\t\t\t\t<\/div>\n\t\t<\/section>\n\t\t\t\t<section class=\"elementor-section elementor-top-section elementor-element elementor-element-ee7aaf3 elementor-section-boxed elementor-section-height-default elementor-section-height-default\" data-id=\"ee7aaf3\" data-element_type=\"section\">\n\t\t\t\t\t\t<div class=\"elementor-container elementor-column-gap-default\">\n\t\t\t\t\t<div class=\"elementor-column elementor-col-100 elementor-top-column elementor-element elementor-element-316730f\" data-id=\"316730f\" data-element_type=\"column\">\n\t\t\t<div class=\"elementor-widget-wrap elementor-element-populated\">\n\t\t\t\t\t\t<section class=\"elementor-section elementor-inner-section elementor-element elementor-element-11e2c79 elementor-section-boxed elementor-section-height-default elementor-section-height-default\" data-id=\"11e2c79\" data-element_type=\"section\">\n\t\t\t\t\t\t<div class=\"elementor-container elementor-column-gap-default\">\n\t\t\t\t\t<div class=\"elementor-column elementor-col-50 elementor-inner-column elementor-element elementor-element-fd62dbb\" data-id=\"fd62dbb\" data-element_type=\"column\">\n\t\t\t<div class=\"elementor-widget-wrap elementor-element-populated\">\n\t\t\t\t\t\t<div class=\"elementor-element elementor-element-f6602c3 elementor-widget elementor-widget-image\" data-id=\"f6602c3\" data-element_type=\"widget\" data-widget_type=\"image.default\">\n\t\t\t\t<div class=\"elementor-widget-container\">\n\t\t\t\t\t\t\t\t\t\t\t\t\t\t\t<img fetchpriority=\"high\" decoding=\"async\" width=\"612\" height=\"408\" src=\"https:\/\/ifevet.com\/latam\/wp-content\/uploads\/sites\/7\/2023\/10\/LAURA_IZQUIERDO-removebg-preview.png\" class=\"attachment-full size-full wp-image-40311\" alt=\"\" srcset=\"https:\/\/ifevet.com\/latam\/wp-content\/uploads\/sites\/7\/2023\/10\/LAURA_IZQUIERDO-removebg-preview.png 612w, https:\/\/ifevet.com\/latam\/wp-content\/uploads\/sites\/7\/2023\/10\/LAURA_IZQUIERDO-removebg-preview-300x200.png 300w, https:\/\/ifevet.com\/latam\/wp-content\/uploads\/sites\/7\/2023\/10\/LAURA_IZQUIERDO-removebg-preview-600x400.png 600w\" sizes=\"(max-width: 612px) 100vw, 612px\" \/>\t\t\t\t\t\t\t\t\t\t\t\t\t\t\t<\/div>\n\t\t\t\t<\/div>\n\t\t\t\t\t<\/div>\n\t\t<\/div>\n\t\t\t\t<div class=\"elementor-column elementor-col-50 elementor-inner-column elementor-element elementor-element-f00441f\" data-id=\"f00441f\" data-element_type=\"column\">\n\t\t\t<div class=\"elementor-widget-wrap elementor-element-populated\">\n\t\t\t\t\t\t<div class=\"elementor-element elementor-element-14b5202 elementor-widget elementor-widget-heading\" data-id=\"14b5202\" data-element_type=\"widget\" data-widget_type=\"heading.default\">\n\t\t\t\t<div class=\"elementor-widget-container\">\n\t\t\t\t\t<h2 class=\"elementor-heading-title elementor-size-default\"><font color=\"#1683c6\" face=\"Open Sans, sans-serif\"><span style=\"font-size: 25px;font-weight: 400\">\n\nLaura Izquierdo <\/span><\/font><\/h2>\t\t\t\t<\/div>\n\t\t\t\t<\/div>\n\t\t\t\t<div class=\"elementor-element elementor-element-76dde92 elementor-widget elementor-widget-heading\" data-id=\"76dde92\" data-element_type=\"widget\" data-widget_type=\"heading.default\">\n\t\t\t\t<div class=\"elementor-widget-container\">\n\t\t\t\t\t<h2 class=\"elementor-heading-title elementor-size-default\">LV, MS, PGCert. Int. Med. ifevet<\/h2>\t\t\t\t<\/div>\n\t\t\t\t<\/div>\n\t\t\t\t<div class=\"elementor-element elementor-element-d3387b6 elementor-widget-divider--view-line elementor-widget elementor-widget-divider\" data-id=\"d3387b6\" data-element_type=\"widget\" data-widget_type=\"divider.default\">\n\t\t\t\t<div class=\"elementor-widget-container\">\n\t\t\t\t\t\t\t<div class=\"elementor-divider\">\n\t\t\t<span class=\"elementor-divider-separator\">\n\t\t\t\t\t\t<\/span>\n\t\t<\/div>\n\t\t\t\t\t\t<\/div>\n\t\t\t\t<\/div>\n\t\t\t\t<div class=\"elementor-element elementor-element-a950d61 elementor-widget elementor-widget-text-editor\" data-id=\"a950d61\" data-element_type=\"widget\" data-widget_type=\"text-editor.default\">\n\t\t\t\t<div class=\"elementor-widget-container\">\n\t\t\t\t\t\t\t\t\t<div class=\"elementor-element elementor-element-566a89db elementor-widget elementor-widget-heading\" data-id=\"566a89db\" data-element_type=\"widget\" data-widget_type=\"heading.default\"><div class=\"elementor-widget-container\"><p>Laura se gradu\u00f3 en Veterinaria por la Universidad Aut\u00f3noma de Barcelona (UAB) en 2013. Tras graduarse, el 2014, realiz\u00f3 un master en fisiolog\u00eda integrativa en la Universidad de Barcelona, y trabajo realizando estudios cl\u00ednicos para el Hospital Cl\u00ednic de Barcelona para el estudio de la amiloidosis familiar hereditaria. A posteriori le dieron una beca del colegio veterinario de Barcelona para realizar estancias en Inglaterra y M\u00e9xico.\u00a0<\/p><p>Se uni\u00f3 al equipo de Ars Veterinaria en 2017 para realizar el internado rotacional y en 2019, inici\u00f3 su internado de especialidad y a posteriori su residencia en Medicina Interna (ECVIM).\u00a0<\/p><p>Actualmente se encuentra en el segundo a\u00f1o de residencia y forma parte del departamento de Medicina y Oncolog\u00eda del mismo hospital. Sus principales \u00e1reas de inter\u00e9s en medicina interna son la hematolog\u00eda, la endocrinolog\u00eda y los procedimientos de m\u00ednima invasi\u00f3n. Ha realizado varias estancias en diversos hospitales en Inglaterra y Sudam\u00e9rica y es autora de algunas publicaciones en medicina interna.<\/p><\/div><\/div>\t\t\t\t\t\t\t\t<\/div>\n\t\t\t\t<\/div>\n\t\t\t\t\t<\/div>\n\t\t<\/div>\n\t\t\t\t\t<\/div>\n\t\t<\/section>\n\t\t\t\t\t<\/div>\n\t\t<\/div>\n\t\t\t\t\t<\/div>\n\t\t<\/section>\n\t\t\t\t<\/div>\n\t\t","protected":false},"excerpt":{"rendered":"<p>LV, MS, PGCert. Int. Med. ifevet<\/p>\n","protected":false},"author":210,"featured_media":40311,"comment_status":"closed","ping_status":"closed","sticky":false,"template":"","format":"standard","meta":{"footnotes":""},"categories":[33,45],"tags":[],"class_list":["post-40310","post","type-post","status-publish","format-standard","has-post-thumbnail","hentry","category-ponentes","category-veterinarios"],"yoast_head":"<!-- This site is optimized with the Yoast SEO plugin v27.1.1 - https:\/\/yoast.com\/product\/yoast-seo-wordpress\/ -->\n<title>Laura Izquierdo | Ifevet International<\/title>\n<meta name=\"description\" content=\"LV, MS, PGCert. Int. Med. ifevet | Laura se gradu\u00f3 en Veterinaria por la Universidad Aut\u00f3noma de Barcelona (UAB) en 2013...\" \/>\n<meta name=\"robots\" content=\"index, follow, max-snippet:-1, max-image-preview:large, max-video-preview:-1\" \/>\n<link rel=\"canonical\" href=\"https:\/\/ifevet.com\/latam\/laura-izquierdo\/\" \/>\n<meta property=\"og:locale\" content=\"es_ES\" \/>\n<meta property=\"og:type\" content=\"article\" \/>\n<meta property=\"og:title\" content=\"Laura Izquierdo | Ifevet International\" \/>\n<meta property=\"og:description\" content=\"LV, MS, PGCert. Int. Med. ifevet | Laura se gradu\u00f3 en Veterinaria por la Universidad Aut\u00f3noma de Barcelona (UAB) en 2013...\" \/>\n<meta property=\"og:url\" content=\"https:\/\/ifevet.com\/latam\/laura-izquierdo\/\" \/>\n<meta property=\"og:site_name\" content=\"Ifevet International - LATAM\" \/>\n<meta property=\"article:published_time\" content=\"2023-10-17T15:32:43+00:00\" \/>\n<meta property=\"article:modified_time\" content=\"2025-01-15T09:25:33+00:00\" \/>\n<meta property=\"og:image\" content=\"https:\/\/ifevet.com\/latam\/wp-content\/uploads\/sites\/7\/2023\/10\/LAURA_IZQUIERDO-removebg-preview.png\" \/>\n\t<meta property=\"og:image:width\" content=\"612\" \/>\n\t<meta property=\"og:image:height\" content=\"408\" \/>\n\t<meta property=\"og:image:type\" content=\"image\/png\" \/>\n<meta name=\"author\" content=\"anamartinez\" \/>\n<meta name=\"twitter:card\" content=\"summary_large_image\" \/>\n<meta name=\"twitter:label1\" content=\"Escrito por\" \/>\n\t<meta name=\"twitter:data1\" content=\"anamartinez\" \/>\n\t<meta name=\"twitter:label2\" content=\"Tiempo de lectura\" \/>\n\t<meta name=\"twitter:data2\" content=\"2 minutos\" \/>\n<script type=\"application\/ld+json\" class=\"yoast-schema-graph\">{\"@context\":\"https:\/\/schema.org\",\"@graph\":[{\"@type\":\"Article\",\"@id\":\"https:\/\/ifevet.com\/latam\/laura-izquierdo\/#article\",\"isPartOf\":{\"@id\":\"https:\/\/ifevet.com\/latam\/laura-izquierdo\/\"},\"author\":{\"name\":\"anamartinez\",\"@id\":\"https:\/\/ifevet.com\/latam\/#\/schema\/person\/2c7407e9b850c9180badf5f1340fd579\"},\"headline\":\"Laura Izquierdo\",\"datePublished\":\"2023-10-17T15:32:43+00:00\",\"dateModified\":\"2025-01-15T09:25:33+00:00\",\"mainEntityOfPage\":{\"@id\":\"https:\/\/ifevet.com\/latam\/laura-izquierdo\/\"},\"wordCount\":176,\"image\":{\"@id\":\"https:\/\/ifevet.com\/latam\/laura-izquierdo\/#primaryimage\"},\"thumbnailUrl\":\"https:\/\/ifevet.com\/latam\/wp-content\/uploads\/sites\/7\/2023\/10\/LAURA_IZQUIERDO-removebg-preview.png\",\"articleSection\":[\"Ponentes\",\"Veterinarios\"],\"inLanguage\":\"es\"},{\"@type\":\"WebPage\",\"@id\":\"https:\/\/ifevet.com\/latam\/laura-izquierdo\/\",\"url\":\"https:\/\/ifevet.com\/latam\/laura-izquierdo\/\",\"name\":\"Laura Izquierdo | Ifevet International\",\"isPartOf\":{\"@id\":\"https:\/\/ifevet.com\/latam\/#website\"},\"primaryImageOfPage\":{\"@id\":\"https:\/\/ifevet.com\/latam\/laura-izquierdo\/#primaryimage\"},\"image\":{\"@id\":\"https:\/\/ifevet.com\/latam\/laura-izquierdo\/#primaryimage\"},\"thumbnailUrl\":\"https:\/\/ifevet.com\/latam\/wp-content\/uploads\/sites\/7\/2023\/10\/LAURA_IZQUIERDO-removebg-preview.png\",\"datePublished\":\"2023-10-17T15:32:43+00:00\",\"dateModified\":\"2025-01-15T09:25:33+00:00\",\"author\":{\"@id\":\"https:\/\/ifevet.com\/latam\/#\/schema\/person\/2c7407e9b850c9180badf5f1340fd579\"},\"description\":\"LV, MS, PGCert. Int. Med. ifevet | Laura se gradu\u00f3 en Veterinaria por la Universidad Aut\u00f3noma de Barcelona (UAB) en 2013...\",\"breadcrumb\":{\"@id\":\"https:\/\/ifevet.com\/latam\/laura-izquierdo\/#breadcrumb\"},\"inLanguage\":\"es\",\"potentialAction\":[{\"@type\":\"ReadAction\",\"target\":[\"https:\/\/ifevet.com\/latam\/laura-izquierdo\/\"]}]},{\"@type\":\"ImageObject\",\"inLanguage\":\"es\",\"@id\":\"https:\/\/ifevet.com\/latam\/laura-izquierdo\/#primaryimage\",\"url\":\"https:\/\/ifevet.com\/latam\/wp-content\/uploads\/sites\/7\/2023\/10\/LAURA_IZQUIERDO-removebg-preview.png\",\"contentUrl\":\"https:\/\/ifevet.com\/latam\/wp-content\/uploads\/sites\/7\/2023\/10\/LAURA_IZQUIERDO-removebg-preview.png\",\"width\":612,\"height\":408},{\"@type\":\"BreadcrumbList\",\"@id\":\"https:\/\/ifevet.com\/latam\/laura-izquierdo\/#breadcrumb\",\"itemListElement\":[{\"@type\":\"ListItem\",\"position\":1,\"name\":\"Portada\",\"item\":\"https:\/\/ifevet.com\/latam\/\"},{\"@type\":\"ListItem\",\"position\":2,\"name\":\"Laura Izquierdo\"}]},{\"@type\":\"WebSite\",\"@id\":\"https:\/\/ifevet.com\/latam\/#website\",\"url\":\"https:\/\/ifevet.com\/latam\/\",\"name\":\"Ifevet International - LATAM\",\"description\":\"Instituto Internacional de Formaci\u00f3n Veterinaria\",\"potentialAction\":[{\"@type\":\"SearchAction\",\"target\":{\"@type\":\"EntryPoint\",\"urlTemplate\":\"https:\/\/ifevet.com\/latam\/?s={search_term_string}\"},\"query-input\":{\"@type\":\"PropertyValueSpecification\",\"valueRequired\":true,\"valueName\":\"search_term_string\"}}],\"inLanguage\":\"es\"},{\"@type\":\"Person\",\"@id\":\"https:\/\/ifevet.com\/latam\/#\/schema\/person\/2c7407e9b850c9180badf5f1340fd579\",\"name\":\"anamartinez\",\"image\":{\"@type\":\"ImageObject\",\"inLanguage\":\"es\",\"@id\":\"https:\/\/ifevet.com\/latam\/#\/schema\/person\/image\/\",\"url\":\"https:\/\/secure.gravatar.com\/avatar\/6334ba5f3bced4f48e5002b82c9a68238118866f3889da1e92c5877559bf6f1e?s=96&d=mm&r=g\",\"contentUrl\":\"https:\/\/secure.gravatar.com\/avatar\/6334ba5f3bced4f48e5002b82c9a68238118866f3889da1e92c5877559bf6f1e?s=96&d=mm&r=g\",\"caption\":\"anamartinez\"},\"url\":\"https:\/\/ifevet.com\/latam\/author\/anamartinez\/\"}]}<\/script>\n<!-- \/ Yoast SEO plugin. -->","yoast_head_json":{"title":"Laura Izquierdo | Ifevet International","description":"LV, MS, PGCert. Int. Med. ifevet | Laura se gradu\u00f3 en Veterinaria por la Universidad Aut\u00f3noma de Barcelona (UAB) en 2013...","robots":{"index":"index","follow":"follow","max-snippet":"max-snippet:-1","max-image-preview":"max-image-preview:large","max-video-preview":"max-video-preview:-1"},"canonical":"https:\/\/ifevet.com\/latam\/laura-izquierdo\/","og_locale":"es_ES","og_type":"article","og_title":"Laura Izquierdo | Ifevet International","og_description":"LV, MS, PGCert. Int. Med. ifevet | Laura se gradu\u00f3 en Veterinaria por la Universidad Aut\u00f3noma de Barcelona (UAB) en 2013...","og_url":"https:\/\/ifevet.com\/latam\/laura-izquierdo\/","og_site_name":"Ifevet International - LATAM","article_published_time":"2023-10-17T15:32:43+00:00","article_modified_time":"2025-01-15T09:25:33+00:00","og_image":[{"width":612,"height":408,"url":"https:\/\/ifevet.com\/latam\/wp-content\/uploads\/sites\/7\/2023\/10\/LAURA_IZQUIERDO-removebg-preview.png","type":"image\/png"}],"author":"anamartinez","twitter_card":"summary_large_image","twitter_misc":{"Escrito por":"anamartinez","Tiempo de lectura":"2 minutos"},"schema":{"@context":"https:\/\/schema.org","@graph":[{"@type":"Article","@id":"https:\/\/ifevet.com\/latam\/laura-izquierdo\/#article","isPartOf":{"@id":"https:\/\/ifevet.com\/latam\/laura-izquierdo\/"},"author":{"name":"anamartinez","@id":"https:\/\/ifevet.com\/latam\/#\/schema\/person\/2c7407e9b850c9180badf5f1340fd579"},"headline":"Laura Izquierdo","datePublished":"2023-10-17T15:32:43+00:00","dateModified":"2025-01-15T09:25:33+00:00","mainEntityOfPage":{"@id":"https:\/\/ifevet.com\/latam\/laura-izquierdo\/"},"wordCount":176,"image":{"@id":"https:\/\/ifevet.com\/latam\/laura-izquierdo\/#primaryimage"},"thumbnailUrl":"https:\/\/ifevet.com\/latam\/wp-content\/uploads\/sites\/7\/2023\/10\/LAURA_IZQUIERDO-removebg-preview.png","articleSection":["Ponentes","Veterinarios"],"inLanguage":"es"},{"@type":"WebPage","@id":"https:\/\/ifevet.com\/latam\/laura-izquierdo\/","url":"https:\/\/ifevet.com\/latam\/laura-izquierdo\/","name":"Laura Izquierdo | Ifevet International","isPartOf":{"@id":"https:\/\/ifevet.com\/latam\/#website"},"primaryImageOfPage":{"@id":"https:\/\/ifevet.com\/latam\/laura-izquierdo\/#primaryimage"},"image":{"@id":"https:\/\/ifevet.com\/latam\/laura-izquierdo\/#primaryimage"},"thumbnailUrl":"https:\/\/ifevet.com\/latam\/wp-content\/uploads\/sites\/7\/2023\/10\/LAURA_IZQUIERDO-removebg-preview.png","datePublished":"2023-10-17T15:32:43+00:00","dateModified":"2025-01-15T09:25:33+00:00","author":{"@id":"https:\/\/ifevet.com\/latam\/#\/schema\/person\/2c7407e9b850c9180badf5f1340fd579"},"description":"LV, MS, PGCert. Int. Med. ifevet | Laura se gradu\u00f3 en Veterinaria por la Universidad Aut\u00f3noma de Barcelona (UAB) en 2013...","breadcrumb":{"@id":"https:\/\/ifevet.com\/latam\/laura-izquierdo\/#breadcrumb"},"inLanguage":"es","potentialAction":[{"@type":"ReadAction","target":["https:\/\/ifevet.com\/latam\/laura-izquierdo\/"]}]},{"@type":"ImageObject","inLanguage":"es","@id":"https:\/\/ifevet.com\/latam\/laura-izquierdo\/#primaryimage","url":"https:\/\/ifevet.com\/latam\/wp-content\/uploads\/sites\/7\/2023\/10\/LAURA_IZQUIERDO-removebg-preview.png","contentUrl":"https:\/\/ifevet.com\/latam\/wp-content\/uploads\/sites\/7\/2023\/10\/LAURA_IZQUIERDO-removebg-preview.png","width":612,"height":408},{"@type":"BreadcrumbList","@id":"https:\/\/ifevet.com\/latam\/laura-izquierdo\/#breadcrumb","itemListElement":[{"@type":"ListItem","position":1,"name":"Portada","item":"https:\/\/ifevet.com\/latam\/"},{"@type":"ListItem","position":2,"name":"Laura Izquierdo"}]},{"@type":"WebSite","@id":"https:\/\/ifevet.com\/latam\/#website","url":"https:\/\/ifevet.com\/latam\/","name":"Ifevet International - LATAM","description":"Instituto Internacional de Formaci\u00f3n Veterinaria","potentialAction":[{"@type":"SearchAction","target":{"@type":"EntryPoint","urlTemplate":"https:\/\/ifevet.com\/latam\/?s={search_term_string}"},"query-input":{"@type":"PropertyValueSpecification","valueRequired":true,"valueName":"search_term_string"}}],"inLanguage":"es"},{"@type":"Person","@id":"https:\/\/ifevet.com\/latam\/#\/schema\/person\/2c7407e9b850c9180badf5f1340fd579","name":"anamartinez","image":{"@type":"ImageObject","inLanguage":"es","@id":"https:\/\/ifevet.com\/latam\/#\/schema\/person\/image\/","url":"https:\/\/secure.gravatar.com\/avatar\/6334ba5f3bced4f48e5002b82c9a68238118866f3889da1e92c5877559bf6f1e?s=96&d=mm&r=g","contentUrl":"https:\/\/secure.gravatar.com\/avatar\/6334ba5f3bced4f48e5002b82c9a68238118866f3889da1e92c5877559bf6f1e?s=96&d=mm&r=g","caption":"anamartinez"},"url":"https:\/\/ifevet.com\/latam\/author\/anamartinez\/"}]}},"_links":{"self":[{"href":"https:\/\/ifevet.com\/latam\/wp-json\/wp\/v2\/posts\/40310","targetHints":{"allow":["GET"]}}],"collection":[{"href":"https:\/\/ifevet.com\/latam\/wp-json\/wp\/v2\/posts"}],"about":[{"href":"https:\/\/ifevet.com\/latam\/wp-json\/wp\/v2\/types\/post"}],"author":[{"embeddable":true,"href":"https:\/\/ifevet.com\/latam\/wp-json\/wp\/v2\/users\/210"}],"replies":[{"embeddable":true,"href":"https:\/\/ifevet.com\/latam\/wp-json\/wp\/v2\/comments?post=40310"}],"version-history":[{"count":9,"href":"https:\/\/ifevet.com\/latam\/wp-json\/wp\/v2\/posts\/40310\/revisions"}],"predecessor-version":[{"id":45265,"href":"https:\/\/ifevet.com\/latam\/wp-json\/wp\/v2\/posts\/40310\/revisions\/45265"}],"wp:featuredmedia":[{"embeddable":true,"href":"https:\/\/ifevet.com\/latam\/wp-json\/wp\/v2\/media\/40311"}],"wp:attachment":[{"href":"https:\/\/ifevet.com\/latam\/wp-json\/wp\/v2\/media?parent=40310"}],"wp:term":[{"taxonomy":"category","embeddable":true,"href":"https:\/\/ifevet.com\/latam\/wp-json\/wp\/v2\/categories?post=40310"},{"taxonomy":"post_tag","embeddable":true,"href":"https:\/\/ifevet.com\/latam\/wp-json\/wp\/v2\/tags?post=40310"}],"curies":[{"name":"wp","href":"https:\/\/api.w.org\/{rel}","templated":true}]}}