{"id":40554,"date":"2023-10-27T09:01:43","date_gmt":"2023-10-27T09:01:43","guid":{"rendered":"https:\/\/ifevet.com\/latam\/?p=40554"},"modified":"2025-01-14T18:52:17","modified_gmt":"2025-01-14T18:52:17","slug":"ane-uriarte","status":"publish","type":"post","link":"https:\/\/ifevet.com\/latam\/ane-uriarte\/","title":{"rendered":"Ane Uriarte"},"content":{"rendered":"\t\t<div data-elementor-type=\"wp-post\" data-elementor-id=\"40554\" class=\"elementor elementor-40554\" data-elementor-post-type=\"post\">\n\t\t\t\t\t\t<section class=\"elementor-section elementor-top-section elementor-element elementor-element-66195900 elementor-section-boxed elementor-section-height-default elementor-section-height-default\" data-id=\"66195900\" data-element_type=\"section\">\n\t\t\t\t\t\t<div class=\"elementor-container elementor-column-gap-default\">\n\t\t\t\t\t<div class=\"elementor-column elementor-col-50 elementor-top-column elementor-element elementor-element-41186467\" data-id=\"41186467\" data-element_type=\"column\">\n\t\t\t<div class=\"elementor-widget-wrap elementor-element-populated\">\n\t\t\t\t\t\t<div class=\"elementor-element elementor-element-393835bc elementor-widget elementor-widget-image\" data-id=\"393835bc\" data-element_type=\"widget\" data-widget_type=\"image.default\">\n\t\t\t\t<div class=\"elementor-widget-container\">\n\t\t\t\t\t\t\t\t\t\t\t\t\t\t\t<img fetchpriority=\"high\" decoding=\"async\" width=\"724\" height=\"345\" src=\"https:\/\/ifevet.com\/latam\/wp-content\/uploads\/sites\/7\/2023\/10\/ane-uriarte-docente-1.png\" class=\"attachment-large size-large wp-image-40558\" alt=\"\" srcset=\"https:\/\/ifevet.com\/latam\/wp-content\/uploads\/sites\/7\/2023\/10\/ane-uriarte-docente-1.png 724w, https:\/\/ifevet.com\/latam\/wp-content\/uploads\/sites\/7\/2023\/10\/ane-uriarte-docente-1-300x143.png 300w, https:\/\/ifevet.com\/latam\/wp-content\/uploads\/sites\/7\/2023\/10\/ane-uriarte-docente-1-600x286.png 600w\" sizes=\"(max-width: 724px) 100vw, 724px\" \/>\t\t\t\t\t\t\t\t\t\t\t\t\t\t\t<\/div>\n\t\t\t\t<\/div>\n\t\t\t\t\t<\/div>\n\t\t<\/div>\n\t\t\t\t<div class=\"elementor-column elementor-col-50 elementor-top-column elementor-element elementor-element-30ff5798\" data-id=\"30ff5798\" data-element_type=\"column\">\n\t\t\t<div class=\"elementor-widget-wrap elementor-element-populated\">\n\t\t\t\t\t\t<div class=\"elementor-element elementor-element-193cd5de elementor-widget elementor-widget-heading\" data-id=\"193cd5de\" data-element_type=\"widget\" data-widget_type=\"heading.default\">\n\t\t\t\t<div class=\"elementor-widget-container\">\n\t\t\t\t\t<h2 class=\"elementor-heading-title elementor-size-default\">Ane Uriarte<\/h2>\t\t\t\t<\/div>\n\t\t\t\t<\/div>\n\t\t\t\t<div class=\"elementor-element elementor-element-2aa32332 elementor-widget elementor-widget-heading\" data-id=\"2aa32332\" data-element_type=\"widget\" data-widget_type=\"heading.default\">\n\t\t\t\t<div class=\"elementor-widget-container\">\n\t\t\t\t\t<h2 class=\"elementor-heading-title elementor-size-default\">LV, Dipl. ECVN, MRCVS<\/h2>\t\t\t\t<\/div>\n\t\t\t\t<\/div>\n\t\t\t\t<div class=\"elementor-element elementor-element-5c35174e elementor-widget-divider--view-line elementor-widget elementor-widget-divider\" data-id=\"5c35174e\" data-element_type=\"widget\" data-widget_type=\"divider.default\">\n\t\t\t\t<div class=\"elementor-widget-container\">\n\t\t\t\t\t\t\t<div class=\"elementor-divider\">\n\t\t\t<span class=\"elementor-divider-separator\">\n\t\t\t\t\t\t<\/span>\n\t\t<\/div>\n\t\t\t\t\t\t<\/div>\n\t\t\t\t<\/div>\n\t\t\t\t<div class=\"elementor-element elementor-element-174d2ce6 elementor-widget elementor-widget-text-editor\" data-id=\"174d2ce6\" data-element_type=\"widget\" data-widget_type=\"text-editor.default\">\n\t\t\t\t<div class=\"elementor-widget-container\">\n\t\t\t\t\t\t\t\t\t<p>Especialista Europeo e Ingl\u00e9s en Neurolog\u00eda Veterinaria<\/p><p>Ane se licencio por la Universidad de Zaragoza pero realizo los \u00faltimos dos a\u00f1os de universidad asi como su residencia en la Escuela Veterinaria de Maisons ALfort en Paris (ENVA) donde obtuvo el diploma del Colegio Europeo de Neurolog\u00eda Veterinaria en 2011. Tras trabajar como neur\u00f3loga y neurocirujana en NDSR (Reino Unido) durante 8 a\u00f1os, se traslad\u00f3 a Estados Unidos donde durante mas de 3 a\u00f1os fue profesora asociada y cl\u00ednica adjunta del servicio de neurolog\u00eda y neurocirug\u00eda de la Universidad de Tufts en Boston. Ane ha vuelto recientemente a Londres, donde ahora es la jefa de servicio de neurolog\u00eda en Southfields Referrals (Reino unido).<\/p><p>Ane ha sido ponente en varios congresos y cursos nacionales e internacionales y ha publicado m\u00faltiples art\u00edculos en revistas cient\u00edficas y de divulgaci\u00f3n veterinaria. Sus principales \u00e1reas de inter\u00e9s cl\u00ednica incluyen neurocirug\u00eda intracraneal y la epilepsia. Ane ha creado la aplicaci\u00f3n gratuita llamada \u201cMy dog\u2019s epilepsy\u201d y promociona la formaci\u00f3n continua en neurolog\u00eda con su Instagram, canal Youtube y pagina Facebook llamado: @ane.neuro<\/p>\t\t\t\t\t\t\t\t<\/div>\n\t\t\t\t<\/div>\n\t\t\t\t\t<\/div>\n\t\t<\/div>\n\t\t\t\t\t<\/div>\n\t\t<\/section>\n\t\t\t\t<\/div>\n\t\t","protected":false},"excerpt":{"rendered":"<p>LV, Dipl. ECVN, MRCVS<\/p>\n","protected":false},"author":1,"featured_media":40555,"comment_status":"closed","ping_status":"closed","sticky":false,"template":"","format":"standard","meta":{"footnotes":""},"categories":[33,45],"tags":[],"class_list":["post-40554","post","type-post","status-publish","format-standard","has-post-thumbnail","hentry","category-ponentes","category-veterinarios"],"yoast_head":"<!-- This site is optimized with the Yoast SEO plugin v27.1.1 - https:\/\/yoast.com\/product\/yoast-seo-wordpress\/ -->\n<title>Ane Uriarte | Ifevet International<\/title>\n<meta name=\"description\" content=\"LV, Dipl. ECVN, MRCVS | Especialista Europeo e Ingl\u00e9s en Neurolog\u00eda VeterinariaAne se licencio por la Universidad de Zaragoza...\" \/>\n<meta name=\"robots\" content=\"index, follow, max-snippet:-1, max-image-preview:large, max-video-preview:-1\" \/>\n<link rel=\"canonical\" href=\"https:\/\/ifevet.com\/latam\/ane-uriarte\/\" \/>\n<meta property=\"og:locale\" content=\"es_ES\" \/>\n<meta property=\"og:type\" content=\"article\" \/>\n<meta property=\"og:title\" content=\"Ane Uriarte | Ifevet International\" \/>\n<meta property=\"og:description\" content=\"LV, Dipl. ECVN, MRCVS | Especialista Europeo e Ingl\u00e9s en Neurolog\u00eda VeterinariaAne se licencio por la Universidad de Zaragoza...\" \/>\n<meta property=\"og:url\" content=\"https:\/\/ifevet.com\/latam\/ane-uriarte\/\" \/>\n<meta property=\"og:site_name\" content=\"Ifevet International - LATAM\" \/>\n<meta property=\"article:published_time\" content=\"2023-10-27T09:01:43+00:00\" \/>\n<meta property=\"article:modified_time\" content=\"2025-01-14T18:52:17+00:00\" \/>\n<meta property=\"og:image\" content=\"https:\/\/ifevet.com\/latam\/wp-content\/uploads\/sites\/7\/2023\/10\/ane-uriarte-docente.png\" \/>\n\t<meta property=\"og:image:width\" content=\"724\" \/>\n\t<meta property=\"og:image:height\" content=\"345\" \/>\n\t<meta property=\"og:image:type\" content=\"image\/png\" \/>\n<meta name=\"author\" content=\"admin\" \/>\n<meta name=\"twitter:card\" content=\"summary_large_image\" \/>\n<meta name=\"twitter:label1\" content=\"Escrito por\" \/>\n\t<meta name=\"twitter:data1\" content=\"admin\" \/>\n\t<meta name=\"twitter:label2\" content=\"Tiempo de lectura\" \/>\n\t<meta name=\"twitter:data2\" content=\"2 minutos\" \/>\n<script type=\"application\/ld+json\" class=\"yoast-schema-graph\">{\"@context\":\"https:\/\/schema.org\",\"@graph\":[{\"@type\":\"Article\",\"@id\":\"https:\/\/ifevet.com\/latam\/ane-uriarte\/#article\",\"isPartOf\":{\"@id\":\"https:\/\/ifevet.com\/latam\/ane-uriarte\/\"},\"author\":{\"name\":\"admin\",\"@id\":\"https:\/\/ifevet.com\/latam\/#\/schema\/person\/dff617da2ff42828a70bf3d3e8ad0238\"},\"headline\":\"Ane Uriarte\",\"datePublished\":\"2023-10-27T09:01:43+00:00\",\"dateModified\":\"2025-01-14T18:52:17+00:00\",\"mainEntityOfPage\":{\"@id\":\"https:\/\/ifevet.com\/latam\/ane-uriarte\/\"},\"wordCount\":203,\"image\":{\"@id\":\"https:\/\/ifevet.com\/latam\/ane-uriarte\/#primaryimage\"},\"thumbnailUrl\":\"https:\/\/ifevet.com\/latam\/wp-content\/uploads\/sites\/7\/2023\/10\/ane-uriarte-docente.png\",\"articleSection\":[\"Ponentes\",\"Veterinarios\"],\"inLanguage\":\"es\"},{\"@type\":\"WebPage\",\"@id\":\"https:\/\/ifevet.com\/latam\/ane-uriarte\/\",\"url\":\"https:\/\/ifevet.com\/latam\/ane-uriarte\/\",\"name\":\"Ane Uriarte | Ifevet International\",\"isPartOf\":{\"@id\":\"https:\/\/ifevet.com\/latam\/#website\"},\"primaryImageOfPage\":{\"@id\":\"https:\/\/ifevet.com\/latam\/ane-uriarte\/#primaryimage\"},\"image\":{\"@id\":\"https:\/\/ifevet.com\/latam\/ane-uriarte\/#primaryimage\"},\"thumbnailUrl\":\"https:\/\/ifevet.com\/latam\/wp-content\/uploads\/sites\/7\/2023\/10\/ane-uriarte-docente.png\",\"datePublished\":\"2023-10-27T09:01:43+00:00\",\"dateModified\":\"2025-01-14T18:52:17+00:00\",\"author\":{\"@id\":\"https:\/\/ifevet.com\/latam\/#\/schema\/person\/dff617da2ff42828a70bf3d3e8ad0238\"},\"description\":\"LV, Dipl. ECVN, MRCVS | Especialista Europeo e Ingl\u00e9s en Neurolog\u00eda VeterinariaAne se licencio por la Universidad de Zaragoza...\",\"breadcrumb\":{\"@id\":\"https:\/\/ifevet.com\/latam\/ane-uriarte\/#breadcrumb\"},\"inLanguage\":\"es\",\"potentialAction\":[{\"@type\":\"ReadAction\",\"target\":[\"https:\/\/ifevet.com\/latam\/ane-uriarte\/\"]}]},{\"@type\":\"ImageObject\",\"inLanguage\":\"es\",\"@id\":\"https:\/\/ifevet.com\/latam\/ane-uriarte\/#primaryimage\",\"url\":\"https:\/\/ifevet.com\/latam\/wp-content\/uploads\/sites\/7\/2023\/10\/ane-uriarte-docente.png\",\"contentUrl\":\"https:\/\/ifevet.com\/latam\/wp-content\/uploads\/sites\/7\/2023\/10\/ane-uriarte-docente.png\",\"width\":724,\"height\":345},{\"@type\":\"BreadcrumbList\",\"@id\":\"https:\/\/ifevet.com\/latam\/ane-uriarte\/#breadcrumb\",\"itemListElement\":[{\"@type\":\"ListItem\",\"position\":1,\"name\":\"Portada\",\"item\":\"https:\/\/ifevet.com\/latam\/\"},{\"@type\":\"ListItem\",\"position\":2,\"name\":\"Ane Uriarte\"}]},{\"@type\":\"WebSite\",\"@id\":\"https:\/\/ifevet.com\/latam\/#website\",\"url\":\"https:\/\/ifevet.com\/latam\/\",\"name\":\"Ifevet International - LATAM\",\"description\":\"Instituto Internacional de Formaci\u00f3n Veterinaria\",\"potentialAction\":[{\"@type\":\"SearchAction\",\"target\":{\"@type\":\"EntryPoint\",\"urlTemplate\":\"https:\/\/ifevet.com\/latam\/?s={search_term_string}\"},\"query-input\":{\"@type\":\"PropertyValueSpecification\",\"valueRequired\":true,\"valueName\":\"search_term_string\"}}],\"inLanguage\":\"es\"},{\"@type\":\"Person\",\"@id\":\"https:\/\/ifevet.com\/latam\/#\/schema\/person\/dff617da2ff42828a70bf3d3e8ad0238\",\"name\":\"admin\",\"image\":{\"@type\":\"ImageObject\",\"inLanguage\":\"es\",\"@id\":\"https:\/\/ifevet.com\/latam\/#\/schema\/person\/image\/\",\"url\":\"https:\/\/secure.gravatar.com\/avatar\/20465fd60955541e129d551ed1d61ddae99ffa7509c027093b176d15984feef3?s=96&d=mm&r=g\",\"contentUrl\":\"https:\/\/secure.gravatar.com\/avatar\/20465fd60955541e129d551ed1d61ddae99ffa7509c027093b176d15984feef3?s=96&d=mm&r=g\",\"caption\":\"admin\"},\"sameAs\":[\"https:\/\/ifevet.com\"],\"url\":\"https:\/\/ifevet.com\/latam\/author\/boadeche\/\"}]}<\/script>\n<!-- \/ Yoast SEO plugin. -->","yoast_head_json":{"title":"Ane Uriarte | Ifevet International","description":"LV, Dipl. ECVN, MRCVS | Especialista Europeo e Ingl\u00e9s en Neurolog\u00eda VeterinariaAne se licencio por la Universidad de Zaragoza...","robots":{"index":"index","follow":"follow","max-snippet":"max-snippet:-1","max-image-preview":"max-image-preview:large","max-video-preview":"max-video-preview:-1"},"canonical":"https:\/\/ifevet.com\/latam\/ane-uriarte\/","og_locale":"es_ES","og_type":"article","og_title":"Ane Uriarte | Ifevet International","og_description":"LV, Dipl. ECVN, MRCVS | Especialista Europeo e Ingl\u00e9s en Neurolog\u00eda VeterinariaAne se licencio por la Universidad de Zaragoza...","og_url":"https:\/\/ifevet.com\/latam\/ane-uriarte\/","og_site_name":"Ifevet International - LATAM","article_published_time":"2023-10-27T09:01:43+00:00","article_modified_time":"2025-01-14T18:52:17+00:00","og_image":[{"width":724,"height":345,"url":"https:\/\/ifevet.com\/latam\/wp-content\/uploads\/sites\/7\/2023\/10\/ane-uriarte-docente.png","type":"image\/png"}],"author":"admin","twitter_card":"summary_large_image","twitter_misc":{"Escrito por":"admin","Tiempo de lectura":"2 minutos"},"schema":{"@context":"https:\/\/schema.org","@graph":[{"@type":"Article","@id":"https:\/\/ifevet.com\/latam\/ane-uriarte\/#article","isPartOf":{"@id":"https:\/\/ifevet.com\/latam\/ane-uriarte\/"},"author":{"name":"admin","@id":"https:\/\/ifevet.com\/latam\/#\/schema\/person\/dff617da2ff42828a70bf3d3e8ad0238"},"headline":"Ane Uriarte","datePublished":"2023-10-27T09:01:43+00:00","dateModified":"2025-01-14T18:52:17+00:00","mainEntityOfPage":{"@id":"https:\/\/ifevet.com\/latam\/ane-uriarte\/"},"wordCount":203,"image":{"@id":"https:\/\/ifevet.com\/latam\/ane-uriarte\/#primaryimage"},"thumbnailUrl":"https:\/\/ifevet.com\/latam\/wp-content\/uploads\/sites\/7\/2023\/10\/ane-uriarte-docente.png","articleSection":["Ponentes","Veterinarios"],"inLanguage":"es"},{"@type":"WebPage","@id":"https:\/\/ifevet.com\/latam\/ane-uriarte\/","url":"https:\/\/ifevet.com\/latam\/ane-uriarte\/","name":"Ane Uriarte | Ifevet International","isPartOf":{"@id":"https:\/\/ifevet.com\/latam\/#website"},"primaryImageOfPage":{"@id":"https:\/\/ifevet.com\/latam\/ane-uriarte\/#primaryimage"},"image":{"@id":"https:\/\/ifevet.com\/latam\/ane-uriarte\/#primaryimage"},"thumbnailUrl":"https:\/\/ifevet.com\/latam\/wp-content\/uploads\/sites\/7\/2023\/10\/ane-uriarte-docente.png","datePublished":"2023-10-27T09:01:43+00:00","dateModified":"2025-01-14T18:52:17+00:00","author":{"@id":"https:\/\/ifevet.com\/latam\/#\/schema\/person\/dff617da2ff42828a70bf3d3e8ad0238"},"description":"LV, Dipl. ECVN, MRCVS | Especialista Europeo e Ingl\u00e9s en Neurolog\u00eda VeterinariaAne se licencio por la Universidad de Zaragoza...","breadcrumb":{"@id":"https:\/\/ifevet.com\/latam\/ane-uriarte\/#breadcrumb"},"inLanguage":"es","potentialAction":[{"@type":"ReadAction","target":["https:\/\/ifevet.com\/latam\/ane-uriarte\/"]}]},{"@type":"ImageObject","inLanguage":"es","@id":"https:\/\/ifevet.com\/latam\/ane-uriarte\/#primaryimage","url":"https:\/\/ifevet.com\/latam\/wp-content\/uploads\/sites\/7\/2023\/10\/ane-uriarte-docente.png","contentUrl":"https:\/\/ifevet.com\/latam\/wp-content\/uploads\/sites\/7\/2023\/10\/ane-uriarte-docente.png","width":724,"height":345},{"@type":"BreadcrumbList","@id":"https:\/\/ifevet.com\/latam\/ane-uriarte\/#breadcrumb","itemListElement":[{"@type":"ListItem","position":1,"name":"Portada","item":"https:\/\/ifevet.com\/latam\/"},{"@type":"ListItem","position":2,"name":"Ane Uriarte"}]},{"@type":"WebSite","@id":"https:\/\/ifevet.com\/latam\/#website","url":"https:\/\/ifevet.com\/latam\/","name":"Ifevet International - LATAM","description":"Instituto Internacional de Formaci\u00f3n Veterinaria","potentialAction":[{"@type":"SearchAction","target":{"@type":"EntryPoint","urlTemplate":"https:\/\/ifevet.com\/latam\/?s={search_term_string}"},"query-input":{"@type":"PropertyValueSpecification","valueRequired":true,"valueName":"search_term_string"}}],"inLanguage":"es"},{"@type":"Person","@id":"https:\/\/ifevet.com\/latam\/#\/schema\/person\/dff617da2ff42828a70bf3d3e8ad0238","name":"admin","image":{"@type":"ImageObject","inLanguage":"es","@id":"https:\/\/ifevet.com\/latam\/#\/schema\/person\/image\/","url":"https:\/\/secure.gravatar.com\/avatar\/20465fd60955541e129d551ed1d61ddae99ffa7509c027093b176d15984feef3?s=96&d=mm&r=g","contentUrl":"https:\/\/secure.gravatar.com\/avatar\/20465fd60955541e129d551ed1d61ddae99ffa7509c027093b176d15984feef3?s=96&d=mm&r=g","caption":"admin"},"sameAs":["https:\/\/ifevet.com"],"url":"https:\/\/ifevet.com\/latam\/author\/boadeche\/"}]}},"_links":{"self":[{"href":"https:\/\/ifevet.com\/latam\/wp-json\/wp\/v2\/posts\/40554","targetHints":{"allow":["GET"]}}],"collection":[{"href":"https:\/\/ifevet.com\/latam\/wp-json\/wp\/v2\/posts"}],"about":[{"href":"https:\/\/ifevet.com\/latam\/wp-json\/wp\/v2\/types\/post"}],"author":[{"embeddable":true,"href":"https:\/\/ifevet.com\/latam\/wp-json\/wp\/v2\/users\/1"}],"replies":[{"embeddable":true,"href":"https:\/\/ifevet.com\/latam\/wp-json\/wp\/v2\/comments?post=40554"}],"version-history":[{"count":5,"href":"https:\/\/ifevet.com\/latam\/wp-json\/wp\/v2\/posts\/40554\/revisions"}],"predecessor-version":[{"id":45262,"href":"https:\/\/ifevet.com\/latam\/wp-json\/wp\/v2\/posts\/40554\/revisions\/45262"}],"wp:featuredmedia":[{"embeddable":true,"href":"https:\/\/ifevet.com\/latam\/wp-json\/wp\/v2\/media\/40555"}],"wp:attachment":[{"href":"https:\/\/ifevet.com\/latam\/wp-json\/wp\/v2\/media?parent=40554"}],"wp:term":[{"taxonomy":"category","embeddable":true,"href":"https:\/\/ifevet.com\/latam\/wp-json\/wp\/v2\/categories?post=40554"},{"taxonomy":"post_tag","embeddable":true,"href":"https:\/\/ifevet.com\/latam\/wp-json\/wp\/v2\/tags?post=40554"}],"curies":[{"name":"wp","href":"https:\/\/api.w.org\/{rel}","templated":true}]}}