{"id":40625,"date":"2023-10-27T09:56:29","date_gmt":"2023-10-27T09:56:29","guid":{"rendered":"https:\/\/ifevet.com\/latam\/?p=40625"},"modified":"2025-01-14T18:47:44","modified_gmt":"2025-01-14T18:47:44","slug":"sofia-garcia-pertierra","status":"publish","type":"post","link":"https:\/\/ifevet.com\/latam\/sofia-garcia-pertierra\/","title":{"rendered":"Sofia Garcia-Pertierra"},"content":{"rendered":"\t\t<div data-elementor-type=\"wp-post\" data-elementor-id=\"40625\" class=\"elementor elementor-40625\" data-elementor-post-type=\"post\">\n\t\t\t\t\t\t<section class=\"elementor-section elementor-top-section elementor-element elementor-element-6616281c elementor-section-boxed elementor-section-height-default elementor-section-height-default\" data-id=\"6616281c\" data-element_type=\"section\">\n\t\t\t\t\t\t<div class=\"elementor-container elementor-column-gap-default\">\n\t\t\t\t\t<div class=\"elementor-column elementor-col-50 elementor-top-column elementor-element elementor-element-180d54a7\" data-id=\"180d54a7\" data-element_type=\"column\">\n\t\t\t<div class=\"elementor-widget-wrap elementor-element-populated\">\n\t\t\t\t\t\t<div class=\"elementor-element elementor-element-72035c77 elementor-widget elementor-widget-image\" data-id=\"72035c77\" data-element_type=\"widget\" data-widget_type=\"image.default\">\n\t\t\t\t<div class=\"elementor-widget-container\">\n\t\t\t\t\t\t\t\t\t\t\t\t\t\t\t<img fetchpriority=\"high\" decoding=\"async\" width=\"724\" height=\"345\" src=\"https:\/\/ifevet.com\/latam\/wp-content\/uploads\/sites\/7\/2023\/10\/sofia-garcia-pertierra-docente-1.png\" class=\"attachment-large size-large wp-image-40632\" alt=\"\" srcset=\"https:\/\/ifevet.com\/latam\/wp-content\/uploads\/sites\/7\/2023\/10\/sofia-garcia-pertierra-docente-1.png 724w, https:\/\/ifevet.com\/latam\/wp-content\/uploads\/sites\/7\/2023\/10\/sofia-garcia-pertierra-docente-1-300x143.png 300w, https:\/\/ifevet.com\/latam\/wp-content\/uploads\/sites\/7\/2023\/10\/sofia-garcia-pertierra-docente-1-600x286.png 600w\" sizes=\"(max-width: 724px) 100vw, 724px\" \/>\t\t\t\t\t\t\t\t\t\t\t\t\t\t\t<\/div>\n\t\t\t\t<\/div>\n\t\t\t\t\t<\/div>\n\t\t<\/div>\n\t\t\t\t<div class=\"elementor-column elementor-col-50 elementor-top-column elementor-element elementor-element-4b81f5dc\" data-id=\"4b81f5dc\" data-element_type=\"column\">\n\t\t\t<div class=\"elementor-widget-wrap elementor-element-populated\">\n\t\t\t\t\t\t<div class=\"elementor-element elementor-element-4d680aeb elementor-widget elementor-widget-heading\" data-id=\"4d680aeb\" data-element_type=\"widget\" data-widget_type=\"heading.default\">\n\t\t\t\t<div class=\"elementor-widget-container\">\n\t\t\t\t\t<h2 class=\"elementor-heading-title elementor-size-default\">Sof\u00eda Garc\u00eda-Pertierra<\/h2>\t\t\t\t<\/div>\n\t\t\t\t<\/div>\n\t\t\t\t<div class=\"elementor-element elementor-element-2417371 elementor-widget elementor-widget-heading\" data-id=\"2417371\" data-element_type=\"widget\" data-widget_type=\"heading.default\">\n\t\t\t\t<div class=\"elementor-widget-container\">\n\t\t\t\t\t<h2 class=\"elementor-heading-title elementor-size-default\">LV., PGCert. ST Surg. ifevet<\/h2>\t\t\t\t<\/div>\n\t\t\t\t<\/div>\n\t\t\t\t<div class=\"elementor-element elementor-element-6cc11c29 elementor-widget-divider--view-line elementor-widget elementor-widget-divider\" data-id=\"6cc11c29\" data-element_type=\"widget\" data-widget_type=\"divider.default\">\n\t\t\t\t<div class=\"elementor-widget-container\">\n\t\t\t\t\t\t\t<div class=\"elementor-divider\">\n\t\t\t<span class=\"elementor-divider-separator\">\n\t\t\t\t\t\t<\/span>\n\t\t<\/div>\n\t\t\t\t\t\t<\/div>\n\t\t\t\t<\/div>\n\t\t\t\t<div class=\"elementor-element elementor-element-42a5579b elementor-widget elementor-widget-text-editor\" data-id=\"42a5579b\" data-element_type=\"widget\" data-widget_type=\"text-editor.default\">\n\t\t\t\t<div class=\"elementor-widget-container\">\n\t\t\t\t\t\t\t\t\t<p>Sof\u00eda se gradu\u00f3 en Veterinaria por la Universidad Aut\u00f3noma de Barcelona en 2016. Realiz\u00f3 un internado rotatorio en Medicina y Cirug\u00eda Animal en el Hospital Ars Veterinaria (Barcelona) en 2016-2017, seguido de un segundo internado rotatorio en la Royal (Dick) School of Veterinary Studies (Universidad de Edimburgo) en 2018-2019. A continuaci\u00f3n, trabaj\u00f3 como Clinical Fellow in Surgery (Orthopaedics) en el Royal Veterinary College (2019). Actualmente, Sof\u00eda es residente en Cirug\u00eda de Peque\u00f1os Animales (European College of Veterinary Surgeons) en la Universidad de Edimburgo.<\/p><p>Sus principales \u00e1reas de inter\u00e9s son la traumatolog\u00eda, manejo de fracturas y lesiones ligamentoso-musculares. Est\u00e1 involucrada en diferentes l\u00edneas de investigaci\u00f3n, principalmente en manejo de fracturas en peque\u00f1os mam\u00edferos, y tiene publicaciones cient\u00edficas tanto en revistas nacionales como internacionales.<\/p>\t\t\t\t\t\t\t\t<\/div>\n\t\t\t\t<\/div>\n\t\t\t\t\t<\/div>\n\t\t<\/div>\n\t\t\t\t\t<\/div>\n\t\t<\/section>\n\t\t\t\t<\/div>\n\t\t","protected":false},"excerpt":{"rendered":"<p>LV., PGCert. ST Surg. ifevet<\/p>\n","protected":false},"author":1,"featured_media":40629,"comment_status":"closed","ping_status":"closed","sticky":false,"template":"","format":"standard","meta":{"footnotes":""},"categories":[33,45],"tags":[],"class_list":["post-40625","post","type-post","status-publish","format-standard","has-post-thumbnail","hentry","category-ponentes","category-veterinarios"],"yoast_head":"<!-- This site is optimized with the Yoast SEO plugin v27.1.1 - https:\/\/yoast.com\/product\/yoast-seo-wordpress\/ -->\n<title>Sofia Garcia-Pertierra | Ifevet International<\/title>\n<meta name=\"description\" content=\"LV., PGCert. ST Surg. ifevet | Sof\u00eda se gradu\u00f3 en Veterinaria por la Universidad Aut\u00f3noma de Barcelona en 2016. Realiz\u00f3 un internado...\" \/>\n<meta name=\"robots\" content=\"index, follow, max-snippet:-1, max-image-preview:large, max-video-preview:-1\" \/>\n<link rel=\"canonical\" href=\"https:\/\/ifevet.com\/latam\/sofia-garcia-pertierra\/\" \/>\n<meta property=\"og:locale\" content=\"es_ES\" \/>\n<meta property=\"og:type\" content=\"article\" \/>\n<meta property=\"og:title\" content=\"Sofia Garcia-Pertierra | Ifevet International\" \/>\n<meta property=\"og:description\" content=\"LV., PGCert. ST Surg. ifevet | Sof\u00eda se gradu\u00f3 en Veterinaria por la Universidad Aut\u00f3noma de Barcelona en 2016. Realiz\u00f3 un internado...\" \/>\n<meta property=\"og:url\" content=\"https:\/\/ifevet.com\/latam\/sofia-garcia-pertierra\/\" \/>\n<meta property=\"og:site_name\" content=\"Ifevet International - LATAM\" \/>\n<meta property=\"article:published_time\" content=\"2023-10-27T09:56:29+00:00\" \/>\n<meta property=\"article:modified_time\" content=\"2025-01-14T18:47:44+00:00\" \/>\n<meta property=\"og:image\" content=\"https:\/\/ifevet.com\/latam\/wp-content\/uploads\/sites\/7\/2023\/10\/sofia-garcia-pertierra-docente.webp\" \/>\n\t<meta property=\"og:image:width\" content=\"724\" \/>\n\t<meta property=\"og:image:height\" content=\"345\" \/>\n\t<meta property=\"og:image:type\" content=\"image\/webp\" \/>\n<meta name=\"author\" content=\"admin\" \/>\n<meta name=\"twitter:card\" content=\"summary_large_image\" \/>\n<meta name=\"twitter:label1\" content=\"Escrito por\" \/>\n\t<meta name=\"twitter:data1\" content=\"admin\" \/>\n\t<meta name=\"twitter:label2\" content=\"Tiempo de lectura\" \/>\n\t<meta name=\"twitter:data2\" content=\"1 minuto\" \/>\n<script type=\"application\/ld+json\" class=\"yoast-schema-graph\">{\"@context\":\"https:\/\/schema.org\",\"@graph\":[{\"@type\":\"Article\",\"@id\":\"https:\/\/ifevet.com\/latam\/sofia-garcia-pertierra\/#article\",\"isPartOf\":{\"@id\":\"https:\/\/ifevet.com\/latam\/sofia-garcia-pertierra\/\"},\"author\":{\"name\":\"admin\",\"@id\":\"https:\/\/ifevet.com\/latam\/#\/schema\/person\/dff617da2ff42828a70bf3d3e8ad0238\"},\"headline\":\"Sofia Garcia-Pertierra\",\"datePublished\":\"2023-10-27T09:56:29+00:00\",\"dateModified\":\"2025-01-14T18:47:44+00:00\",\"mainEntityOfPage\":{\"@id\":\"https:\/\/ifevet.com\/latam\/sofia-garcia-pertierra\/\"},\"wordCount\":145,\"image\":{\"@id\":\"https:\/\/ifevet.com\/latam\/sofia-garcia-pertierra\/#primaryimage\"},\"thumbnailUrl\":\"https:\/\/ifevet.com\/latam\/wp-content\/uploads\/sites\/7\/2023\/10\/sofia-garcia-pertierra-docente.webp\",\"articleSection\":[\"Ponentes\",\"Veterinarios\"],\"inLanguage\":\"es\"},{\"@type\":\"WebPage\",\"@id\":\"https:\/\/ifevet.com\/latam\/sofia-garcia-pertierra\/\",\"url\":\"https:\/\/ifevet.com\/latam\/sofia-garcia-pertierra\/\",\"name\":\"Sofia Garcia-Pertierra | Ifevet International\",\"isPartOf\":{\"@id\":\"https:\/\/ifevet.com\/latam\/#website\"},\"primaryImageOfPage\":{\"@id\":\"https:\/\/ifevet.com\/latam\/sofia-garcia-pertierra\/#primaryimage\"},\"image\":{\"@id\":\"https:\/\/ifevet.com\/latam\/sofia-garcia-pertierra\/#primaryimage\"},\"thumbnailUrl\":\"https:\/\/ifevet.com\/latam\/wp-content\/uploads\/sites\/7\/2023\/10\/sofia-garcia-pertierra-docente.webp\",\"datePublished\":\"2023-10-27T09:56:29+00:00\",\"dateModified\":\"2025-01-14T18:47:44+00:00\",\"author\":{\"@id\":\"https:\/\/ifevet.com\/latam\/#\/schema\/person\/dff617da2ff42828a70bf3d3e8ad0238\"},\"description\":\"LV., PGCert. ST Surg. ifevet | Sof\u00eda se gradu\u00f3 en Veterinaria por la Universidad Aut\u00f3noma de Barcelona en 2016. Realiz\u00f3 un internado...\",\"breadcrumb\":{\"@id\":\"https:\/\/ifevet.com\/latam\/sofia-garcia-pertierra\/#breadcrumb\"},\"inLanguage\":\"es\",\"potentialAction\":[{\"@type\":\"ReadAction\",\"target\":[\"https:\/\/ifevet.com\/latam\/sofia-garcia-pertierra\/\"]}]},{\"@type\":\"ImageObject\",\"inLanguage\":\"es\",\"@id\":\"https:\/\/ifevet.com\/latam\/sofia-garcia-pertierra\/#primaryimage\",\"url\":\"https:\/\/ifevet.com\/latam\/wp-content\/uploads\/sites\/7\/2023\/10\/sofia-garcia-pertierra-docente.webp\",\"contentUrl\":\"https:\/\/ifevet.com\/latam\/wp-content\/uploads\/sites\/7\/2023\/10\/sofia-garcia-pertierra-docente.webp\",\"width\":724,\"height\":345},{\"@type\":\"BreadcrumbList\",\"@id\":\"https:\/\/ifevet.com\/latam\/sofia-garcia-pertierra\/#breadcrumb\",\"itemListElement\":[{\"@type\":\"ListItem\",\"position\":1,\"name\":\"Portada\",\"item\":\"https:\/\/ifevet.com\/latam\/\"},{\"@type\":\"ListItem\",\"position\":2,\"name\":\"Sofia Garcia-Pertierra\"}]},{\"@type\":\"WebSite\",\"@id\":\"https:\/\/ifevet.com\/latam\/#website\",\"url\":\"https:\/\/ifevet.com\/latam\/\",\"name\":\"Ifevet International - LATAM\",\"description\":\"Instituto Internacional de Formaci\u00f3n Veterinaria\",\"potentialAction\":[{\"@type\":\"SearchAction\",\"target\":{\"@type\":\"EntryPoint\",\"urlTemplate\":\"https:\/\/ifevet.com\/latam\/?s={search_term_string}\"},\"query-input\":{\"@type\":\"PropertyValueSpecification\",\"valueRequired\":true,\"valueName\":\"search_term_string\"}}],\"inLanguage\":\"es\"},{\"@type\":\"Person\",\"@id\":\"https:\/\/ifevet.com\/latam\/#\/schema\/person\/dff617da2ff42828a70bf3d3e8ad0238\",\"name\":\"admin\",\"image\":{\"@type\":\"ImageObject\",\"inLanguage\":\"es\",\"@id\":\"https:\/\/ifevet.com\/latam\/#\/schema\/person\/image\/\",\"url\":\"https:\/\/secure.gravatar.com\/avatar\/20465fd60955541e129d551ed1d61ddae99ffa7509c027093b176d15984feef3?s=96&d=mm&r=g\",\"contentUrl\":\"https:\/\/secure.gravatar.com\/avatar\/20465fd60955541e129d551ed1d61ddae99ffa7509c027093b176d15984feef3?s=96&d=mm&r=g\",\"caption\":\"admin\"},\"sameAs\":[\"https:\/\/ifevet.com\"],\"url\":\"https:\/\/ifevet.com\/latam\/author\/boadeche\/\"}]}<\/script>\n<!-- \/ Yoast SEO plugin. -->","yoast_head_json":{"title":"Sofia Garcia-Pertierra | Ifevet International","description":"LV., PGCert. ST Surg. ifevet | Sof\u00eda se gradu\u00f3 en Veterinaria por la Universidad Aut\u00f3noma de Barcelona en 2016. Realiz\u00f3 un internado...","robots":{"index":"index","follow":"follow","max-snippet":"max-snippet:-1","max-image-preview":"max-image-preview:large","max-video-preview":"max-video-preview:-1"},"canonical":"https:\/\/ifevet.com\/latam\/sofia-garcia-pertierra\/","og_locale":"es_ES","og_type":"article","og_title":"Sofia Garcia-Pertierra | Ifevet International","og_description":"LV., PGCert. ST Surg. ifevet | Sof\u00eda se gradu\u00f3 en Veterinaria por la Universidad Aut\u00f3noma de Barcelona en 2016. Realiz\u00f3 un internado...","og_url":"https:\/\/ifevet.com\/latam\/sofia-garcia-pertierra\/","og_site_name":"Ifevet International - LATAM","article_published_time":"2023-10-27T09:56:29+00:00","article_modified_time":"2025-01-14T18:47:44+00:00","og_image":[{"width":724,"height":345,"url":"https:\/\/ifevet.com\/latam\/wp-content\/uploads\/sites\/7\/2023\/10\/sofia-garcia-pertierra-docente.webp","type":"image\/webp"}],"author":"admin","twitter_card":"summary_large_image","twitter_misc":{"Escrito por":"admin","Tiempo de lectura":"1 minuto"},"schema":{"@context":"https:\/\/schema.org","@graph":[{"@type":"Article","@id":"https:\/\/ifevet.com\/latam\/sofia-garcia-pertierra\/#article","isPartOf":{"@id":"https:\/\/ifevet.com\/latam\/sofia-garcia-pertierra\/"},"author":{"name":"admin","@id":"https:\/\/ifevet.com\/latam\/#\/schema\/person\/dff617da2ff42828a70bf3d3e8ad0238"},"headline":"Sofia Garcia-Pertierra","datePublished":"2023-10-27T09:56:29+00:00","dateModified":"2025-01-14T18:47:44+00:00","mainEntityOfPage":{"@id":"https:\/\/ifevet.com\/latam\/sofia-garcia-pertierra\/"},"wordCount":145,"image":{"@id":"https:\/\/ifevet.com\/latam\/sofia-garcia-pertierra\/#primaryimage"},"thumbnailUrl":"https:\/\/ifevet.com\/latam\/wp-content\/uploads\/sites\/7\/2023\/10\/sofia-garcia-pertierra-docente.webp","articleSection":["Ponentes","Veterinarios"],"inLanguage":"es"},{"@type":"WebPage","@id":"https:\/\/ifevet.com\/latam\/sofia-garcia-pertierra\/","url":"https:\/\/ifevet.com\/latam\/sofia-garcia-pertierra\/","name":"Sofia Garcia-Pertierra | Ifevet International","isPartOf":{"@id":"https:\/\/ifevet.com\/latam\/#website"},"primaryImageOfPage":{"@id":"https:\/\/ifevet.com\/latam\/sofia-garcia-pertierra\/#primaryimage"},"image":{"@id":"https:\/\/ifevet.com\/latam\/sofia-garcia-pertierra\/#primaryimage"},"thumbnailUrl":"https:\/\/ifevet.com\/latam\/wp-content\/uploads\/sites\/7\/2023\/10\/sofia-garcia-pertierra-docente.webp","datePublished":"2023-10-27T09:56:29+00:00","dateModified":"2025-01-14T18:47:44+00:00","author":{"@id":"https:\/\/ifevet.com\/latam\/#\/schema\/person\/dff617da2ff42828a70bf3d3e8ad0238"},"description":"LV., PGCert. ST Surg. ifevet | Sof\u00eda se gradu\u00f3 en Veterinaria por la Universidad Aut\u00f3noma de Barcelona en 2016. Realiz\u00f3 un internado...","breadcrumb":{"@id":"https:\/\/ifevet.com\/latam\/sofia-garcia-pertierra\/#breadcrumb"},"inLanguage":"es","potentialAction":[{"@type":"ReadAction","target":["https:\/\/ifevet.com\/latam\/sofia-garcia-pertierra\/"]}]},{"@type":"ImageObject","inLanguage":"es","@id":"https:\/\/ifevet.com\/latam\/sofia-garcia-pertierra\/#primaryimage","url":"https:\/\/ifevet.com\/latam\/wp-content\/uploads\/sites\/7\/2023\/10\/sofia-garcia-pertierra-docente.webp","contentUrl":"https:\/\/ifevet.com\/latam\/wp-content\/uploads\/sites\/7\/2023\/10\/sofia-garcia-pertierra-docente.webp","width":724,"height":345},{"@type":"BreadcrumbList","@id":"https:\/\/ifevet.com\/latam\/sofia-garcia-pertierra\/#breadcrumb","itemListElement":[{"@type":"ListItem","position":1,"name":"Portada","item":"https:\/\/ifevet.com\/latam\/"},{"@type":"ListItem","position":2,"name":"Sofia Garcia-Pertierra"}]},{"@type":"WebSite","@id":"https:\/\/ifevet.com\/latam\/#website","url":"https:\/\/ifevet.com\/latam\/","name":"Ifevet International - LATAM","description":"Instituto Internacional de Formaci\u00f3n Veterinaria","potentialAction":[{"@type":"SearchAction","target":{"@type":"EntryPoint","urlTemplate":"https:\/\/ifevet.com\/latam\/?s={search_term_string}"},"query-input":{"@type":"PropertyValueSpecification","valueRequired":true,"valueName":"search_term_string"}}],"inLanguage":"es"},{"@type":"Person","@id":"https:\/\/ifevet.com\/latam\/#\/schema\/person\/dff617da2ff42828a70bf3d3e8ad0238","name":"admin","image":{"@type":"ImageObject","inLanguage":"es","@id":"https:\/\/ifevet.com\/latam\/#\/schema\/person\/image\/","url":"https:\/\/secure.gravatar.com\/avatar\/20465fd60955541e129d551ed1d61ddae99ffa7509c027093b176d15984feef3?s=96&d=mm&r=g","contentUrl":"https:\/\/secure.gravatar.com\/avatar\/20465fd60955541e129d551ed1d61ddae99ffa7509c027093b176d15984feef3?s=96&d=mm&r=g","caption":"admin"},"sameAs":["https:\/\/ifevet.com"],"url":"https:\/\/ifevet.com\/latam\/author\/boadeche\/"}]}},"_links":{"self":[{"href":"https:\/\/ifevet.com\/latam\/wp-json\/wp\/v2\/posts\/40625","targetHints":{"allow":["GET"]}}],"collection":[{"href":"https:\/\/ifevet.com\/latam\/wp-json\/wp\/v2\/posts"}],"about":[{"href":"https:\/\/ifevet.com\/latam\/wp-json\/wp\/v2\/types\/post"}],"author":[{"embeddable":true,"href":"https:\/\/ifevet.com\/latam\/wp-json\/wp\/v2\/users\/1"}],"replies":[{"embeddable":true,"href":"https:\/\/ifevet.com\/latam\/wp-json\/wp\/v2\/comments?post=40625"}],"version-history":[{"count":10,"href":"https:\/\/ifevet.com\/latam\/wp-json\/wp\/v2\/posts\/40625\/revisions"}],"predecessor-version":[{"id":45252,"href":"https:\/\/ifevet.com\/latam\/wp-json\/wp\/v2\/posts\/40625\/revisions\/45252"}],"wp:featuredmedia":[{"embeddable":true,"href":"https:\/\/ifevet.com\/latam\/wp-json\/wp\/v2\/media\/40629"}],"wp:attachment":[{"href":"https:\/\/ifevet.com\/latam\/wp-json\/wp\/v2\/media?parent=40625"}],"wp:term":[{"taxonomy":"category","embeddable":true,"href":"https:\/\/ifevet.com\/latam\/wp-json\/wp\/v2\/categories?post=40625"},{"taxonomy":"post_tag","embeddable":true,"href":"https:\/\/ifevet.com\/latam\/wp-json\/wp\/v2\/tags?post=40625"}],"curies":[{"name":"wp","href":"https:\/\/api.w.org\/{rel}","templated":true}]}}