{"id":41493,"date":"2023-11-27T13:01:41","date_gmt":"2023-11-27T13:01:41","guid":{"rendered":"https:\/\/ifevet.com\/latam\/?p=41493"},"modified":"2025-01-14T18:09:39","modified_gmt":"2025-01-14T18:09:39","slug":"jorge-martos-de-la-poza","status":"publish","type":"post","link":"https:\/\/ifevet.com\/latam\/jorge-martos-de-la-poza\/","title":{"rendered":"Jorge Martos de la Poza"},"content":{"rendered":"\t\t<div data-elementor-type=\"wp-post\" data-elementor-id=\"41493\" class=\"elementor elementor-41493\" data-elementor-post-type=\"post\">\n\t\t\t\t\t\t<section class=\"elementor-section elementor-top-section elementor-element elementor-element-efbaff7 elementor-section-boxed elementor-section-height-default elementor-section-height-default\" data-id=\"efbaff7\" data-element_type=\"section\">\n\t\t\t\t\t\t<div class=\"elementor-container elementor-column-gap-default\">\n\t\t\t\t\t<div class=\"elementor-column elementor-col-100 elementor-top-column elementor-element elementor-element-8c1d3d0\" data-id=\"8c1d3d0\" data-element_type=\"column\">\n\t\t\t<div class=\"elementor-widget-wrap elementor-element-populated\">\n\t\t\t\t\t\t<section class=\"elementor-section elementor-inner-section elementor-element elementor-element-c93f845 elementor-section-boxed elementor-section-height-default elementor-section-height-default\" data-id=\"c93f845\" data-element_type=\"section\">\n\t\t\t\t\t\t<div class=\"elementor-container elementor-column-gap-default\">\n\t\t\t\t\t<div class=\"elementor-column elementor-col-50 elementor-inner-column elementor-element elementor-element-f03558a\" data-id=\"f03558a\" data-element_type=\"column\">\n\t\t\t<div class=\"elementor-widget-wrap elementor-element-populated\">\n\t\t\t\t\t\t<div class=\"elementor-element elementor-element-cdab056 elementor-widget elementor-widget-image\" data-id=\"cdab056\" data-element_type=\"widget\" data-widget_type=\"image.default\">\n\t\t\t\t<div class=\"elementor-widget-container\">\n\t\t\t\t\t\t\t\t\t\t\t\t\t\t\t<img fetchpriority=\"high\" decoding=\"async\" width=\"336\" height=\"312\" src=\"https:\/\/ifevet.com\/latam\/wp-content\/uploads\/sites\/7\/2023\/11\/jorge3-1.png\" class=\"attachment-large size-large wp-image-41496\" alt=\"\" srcset=\"https:\/\/ifevet.com\/latam\/wp-content\/uploads\/sites\/7\/2023\/11\/jorge3-1.png 336w, https:\/\/ifevet.com\/latam\/wp-content\/uploads\/sites\/7\/2023\/11\/jorge3-1-300x279.png 300w\" sizes=\"(max-width: 336px) 100vw, 336px\" \/>\t\t\t\t\t\t\t\t\t\t\t\t\t\t\t<\/div>\n\t\t\t\t<\/div>\n\t\t\t\t\t<\/div>\n\t\t<\/div>\n\t\t\t\t<div class=\"elementor-column elementor-col-50 elementor-inner-column elementor-element elementor-element-3194e1f\" data-id=\"3194e1f\" data-element_type=\"column\">\n\t\t\t<div class=\"elementor-widget-wrap elementor-element-populated\">\n\t\t\t\t\t\t<div class=\"elementor-element elementor-element-4e155e2 elementor-widget elementor-widget-heading\" data-id=\"4e155e2\" data-element_type=\"widget\" data-widget_type=\"heading.default\">\n\t\t\t\t<div class=\"elementor-widget-container\">\n\t\t\t\t\t<h2 class=\"elementor-heading-title elementor-size-default\">Jorge Martos de la Poza\n<\/h2>\t\t\t\t<\/div>\n\t\t\t\t<\/div>\n\t\t\t\t<div class=\"elementor-element elementor-element-107ffeb elementor-widget elementor-widget-heading\" data-id=\"107ffeb\" data-element_type=\"widget\" data-widget_type=\"heading.default\">\n\t\t\t\t<div class=\"elementor-widget-container\">\n\t\t\t\t\t<h2 class=\"elementor-heading-title elementor-size-default\">DVM, Acreditado Oncolog\u00eda GEVONC-AVEPA, PGCert. Onco. ifevet<\/h2>\t\t\t\t<\/div>\n\t\t\t\t<\/div>\n\t\t\t\t<div class=\"elementor-element elementor-element-653bf5f elementor-widget-divider--view-line elementor-widget elementor-widget-divider\" data-id=\"653bf5f\" data-element_type=\"widget\" data-widget_type=\"divider.default\">\n\t\t\t\t<div class=\"elementor-widget-container\">\n\t\t\t\t\t\t\t<div class=\"elementor-divider\">\n\t\t\t<span class=\"elementor-divider-separator\">\n\t\t\t\t\t\t<\/span>\n\t\t<\/div>\n\t\t\t\t\t\t<\/div>\n\t\t\t\t<\/div>\n\t\t\t\t<div class=\"elementor-element elementor-element-535c708 elementor-widget elementor-widget-text-editor\" data-id=\"535c708\" data-element_type=\"widget\" data-widget_type=\"text-editor.default\">\n\t\t\t\t<div class=\"elementor-widget-container\">\n\t\t\t\t\t\t\t\t\t<p>Licenciado en Veterinaria por la Universidad de C\u00f3rdoba (UCO) en 2002. Tras varios a\u00f1os de experiencia en diferentes centros y hospitales de referencia, inici\u00f3 su formaci\u00f3n en la especialidad obteniendo la acreditaci\u00f3n AVEPA en Oncologia en el a\u00f1o 2021. Director y fundador del Centro Veterinario UmaVet, con dedicaci\u00f3n exclusivamente oncol\u00f3gica donde actualmente desarrolla su actividad. Miembro del grupo de trabajo de Oncolog\u00eda de AVEPA (GEVONC), de la Sociedad Europea de Oncolog\u00eda Veterinaria (ESVONC) y del comit\u00e9 cient\u00edfico del grupo de oncolog\u00eda (GEVONC). Ha realizado publicaciones en diferentes medios y revistas del \u00e1mbito cient\u00edfico.<\/p>\t\t\t\t\t\t\t\t<\/div>\n\t\t\t\t<\/div>\n\t\t\t\t\t<\/div>\n\t\t<\/div>\n\t\t\t\t\t<\/div>\n\t\t<\/section>\n\t\t\t\t\t<\/div>\n\t\t<\/div>\n\t\t\t\t\t<\/div>\n\t\t<\/section>\n\t\t\t\t<\/div>\n\t\t","protected":false},"excerpt":{"rendered":"<p>DVM, Acreditado Oncolog\u00eda GEVONC-AVEPA, PGCert. Onco. ifevet<\/p>\n","protected":false},"author":1,"featured_media":41494,"comment_status":"closed","ping_status":"closed","sticky":false,"template":"","format":"standard","meta":{"footnotes":""},"categories":[33,45],"tags":[],"class_list":["post-41493","post","type-post","status-publish","format-standard","has-post-thumbnail","hentry","category-ponentes","category-veterinarios"],"yoast_head":"<!-- This site is optimized with the Yoast SEO plugin v27.1.1 - https:\/\/yoast.com\/product\/yoast-seo-wordpress\/ -->\n<title>Jorge Martos de la Poza | Ifevet International<\/title>\n<meta name=\"description\" content=\"DVM, Acreditado Oncolog\u00eda GEVONC-AVEPA, PGCert. Onco. ifevet | Licenciado en Veterinaria por la Universidad de C\u00f3rdoba (UCO) en 2002...\" \/>\n<meta name=\"robots\" content=\"index, follow, max-snippet:-1, max-image-preview:large, max-video-preview:-1\" \/>\n<link rel=\"canonical\" href=\"https:\/\/ifevet.com\/latam\/jorge-martos-de-la-poza\/\" \/>\n<meta property=\"og:locale\" content=\"es_ES\" \/>\n<meta property=\"og:type\" content=\"article\" \/>\n<meta property=\"og:title\" content=\"Jorge Martos de la Poza | Ifevet International\" \/>\n<meta property=\"og:description\" content=\"DVM, Acreditado Oncolog\u00eda GEVONC-AVEPA, PGCert. Onco. ifevet | Licenciado en Veterinaria por la Universidad de C\u00f3rdoba (UCO) en 2002...\" \/>\n<meta property=\"og:url\" content=\"https:\/\/ifevet.com\/latam\/jorge-martos-de-la-poza\/\" \/>\n<meta property=\"og:site_name\" content=\"Ifevet International - LATAM\" \/>\n<meta property=\"article:published_time\" content=\"2023-11-27T13:01:41+00:00\" \/>\n<meta property=\"article:modified_time\" content=\"2025-01-14T18:09:39+00:00\" \/>\n<meta property=\"og:image\" content=\"https:\/\/ifevet.com\/latam\/wp-content\/uploads\/sites\/7\/2023\/11\/jorge3.png\" \/>\n\t<meta property=\"og:image:width\" content=\"336\" \/>\n\t<meta property=\"og:image:height\" content=\"312\" \/>\n\t<meta property=\"og:image:type\" content=\"image\/png\" \/>\n<meta name=\"author\" content=\"admin\" \/>\n<meta name=\"twitter:card\" content=\"summary_large_image\" \/>\n<meta name=\"twitter:label1\" content=\"Escrito por\" \/>\n\t<meta name=\"twitter:data1\" content=\"admin\" \/>\n\t<meta name=\"twitter:label2\" content=\"Tiempo de lectura\" \/>\n\t<meta name=\"twitter:data2\" content=\"1 minuto\" \/>\n<script type=\"application\/ld+json\" class=\"yoast-schema-graph\">{\"@context\":\"https:\/\/schema.org\",\"@graph\":[{\"@type\":\"Article\",\"@id\":\"https:\/\/ifevet.com\/latam\/jorge-martos-de-la-poza\/#article\",\"isPartOf\":{\"@id\":\"https:\/\/ifevet.com\/latam\/jorge-martos-de-la-poza\/\"},\"author\":{\"name\":\"admin\",\"@id\":\"https:\/\/ifevet.com\/latam\/#\/schema\/person\/dff617da2ff42828a70bf3d3e8ad0238\"},\"headline\":\"Jorge Martos de la Poza\",\"datePublished\":\"2023-11-27T13:01:41+00:00\",\"dateModified\":\"2025-01-14T18:09:39+00:00\",\"mainEntityOfPage\":{\"@id\":\"https:\/\/ifevet.com\/latam\/jorge-martos-de-la-poza\/\"},\"wordCount\":121,\"image\":{\"@id\":\"https:\/\/ifevet.com\/latam\/jorge-martos-de-la-poza\/#primaryimage\"},\"thumbnailUrl\":\"https:\/\/ifevet.com\/latam\/wp-content\/uploads\/sites\/7\/2023\/11\/jorge3.png\",\"articleSection\":[\"Ponentes\",\"Veterinarios\"],\"inLanguage\":\"es\"},{\"@type\":\"WebPage\",\"@id\":\"https:\/\/ifevet.com\/latam\/jorge-martos-de-la-poza\/\",\"url\":\"https:\/\/ifevet.com\/latam\/jorge-martos-de-la-poza\/\",\"name\":\"Jorge Martos de la Poza | Ifevet International\",\"isPartOf\":{\"@id\":\"https:\/\/ifevet.com\/latam\/#website\"},\"primaryImageOfPage\":{\"@id\":\"https:\/\/ifevet.com\/latam\/jorge-martos-de-la-poza\/#primaryimage\"},\"image\":{\"@id\":\"https:\/\/ifevet.com\/latam\/jorge-martos-de-la-poza\/#primaryimage\"},\"thumbnailUrl\":\"https:\/\/ifevet.com\/latam\/wp-content\/uploads\/sites\/7\/2023\/11\/jorge3.png\",\"datePublished\":\"2023-11-27T13:01:41+00:00\",\"dateModified\":\"2025-01-14T18:09:39+00:00\",\"author\":{\"@id\":\"https:\/\/ifevet.com\/latam\/#\/schema\/person\/dff617da2ff42828a70bf3d3e8ad0238\"},\"description\":\"DVM, Acreditado Oncolog\u00eda GEVONC-AVEPA, PGCert. Onco. ifevet | Licenciado en Veterinaria por la Universidad de C\u00f3rdoba (UCO) en 2002...\",\"breadcrumb\":{\"@id\":\"https:\/\/ifevet.com\/latam\/jorge-martos-de-la-poza\/#breadcrumb\"},\"inLanguage\":\"es\",\"potentialAction\":[{\"@type\":\"ReadAction\",\"target\":[\"https:\/\/ifevet.com\/latam\/jorge-martos-de-la-poza\/\"]}]},{\"@type\":\"ImageObject\",\"inLanguage\":\"es\",\"@id\":\"https:\/\/ifevet.com\/latam\/jorge-martos-de-la-poza\/#primaryimage\",\"url\":\"https:\/\/ifevet.com\/latam\/wp-content\/uploads\/sites\/7\/2023\/11\/jorge3.png\",\"contentUrl\":\"https:\/\/ifevet.com\/latam\/wp-content\/uploads\/sites\/7\/2023\/11\/jorge3.png\",\"width\":336,\"height\":312},{\"@type\":\"BreadcrumbList\",\"@id\":\"https:\/\/ifevet.com\/latam\/jorge-martos-de-la-poza\/#breadcrumb\",\"itemListElement\":[{\"@type\":\"ListItem\",\"position\":1,\"name\":\"Portada\",\"item\":\"https:\/\/ifevet.com\/latam\/\"},{\"@type\":\"ListItem\",\"position\":2,\"name\":\"Jorge Martos de la Poza\"}]},{\"@type\":\"WebSite\",\"@id\":\"https:\/\/ifevet.com\/latam\/#website\",\"url\":\"https:\/\/ifevet.com\/latam\/\",\"name\":\"Ifevet International - LATAM\",\"description\":\"Instituto Internacional de Formaci\u00f3n Veterinaria\",\"potentialAction\":[{\"@type\":\"SearchAction\",\"target\":{\"@type\":\"EntryPoint\",\"urlTemplate\":\"https:\/\/ifevet.com\/latam\/?s={search_term_string}\"},\"query-input\":{\"@type\":\"PropertyValueSpecification\",\"valueRequired\":true,\"valueName\":\"search_term_string\"}}],\"inLanguage\":\"es\"},{\"@type\":\"Person\",\"@id\":\"https:\/\/ifevet.com\/latam\/#\/schema\/person\/dff617da2ff42828a70bf3d3e8ad0238\",\"name\":\"admin\",\"image\":{\"@type\":\"ImageObject\",\"inLanguage\":\"es\",\"@id\":\"https:\/\/ifevet.com\/latam\/#\/schema\/person\/image\/\",\"url\":\"https:\/\/secure.gravatar.com\/avatar\/20465fd60955541e129d551ed1d61ddae99ffa7509c027093b176d15984feef3?s=96&d=mm&r=g\",\"contentUrl\":\"https:\/\/secure.gravatar.com\/avatar\/20465fd60955541e129d551ed1d61ddae99ffa7509c027093b176d15984feef3?s=96&d=mm&r=g\",\"caption\":\"admin\"},\"sameAs\":[\"https:\/\/ifevet.com\"],\"url\":\"https:\/\/ifevet.com\/latam\/author\/boadeche\/\"}]}<\/script>\n<!-- \/ Yoast SEO plugin. -->","yoast_head_json":{"title":"Jorge Martos de la Poza | Ifevet International","description":"DVM, Acreditado Oncolog\u00eda GEVONC-AVEPA, PGCert. Onco. ifevet | Licenciado en Veterinaria por la Universidad de C\u00f3rdoba (UCO) en 2002...","robots":{"index":"index","follow":"follow","max-snippet":"max-snippet:-1","max-image-preview":"max-image-preview:large","max-video-preview":"max-video-preview:-1"},"canonical":"https:\/\/ifevet.com\/latam\/jorge-martos-de-la-poza\/","og_locale":"es_ES","og_type":"article","og_title":"Jorge Martos de la Poza | Ifevet International","og_description":"DVM, Acreditado Oncolog\u00eda GEVONC-AVEPA, PGCert. Onco. ifevet | Licenciado en Veterinaria por la Universidad de C\u00f3rdoba (UCO) en 2002...","og_url":"https:\/\/ifevet.com\/latam\/jorge-martos-de-la-poza\/","og_site_name":"Ifevet International - LATAM","article_published_time":"2023-11-27T13:01:41+00:00","article_modified_time":"2025-01-14T18:09:39+00:00","og_image":[{"width":336,"height":312,"url":"https:\/\/ifevet.com\/latam\/wp-content\/uploads\/sites\/7\/2023\/11\/jorge3.png","type":"image\/png"}],"author":"admin","twitter_card":"summary_large_image","twitter_misc":{"Escrito por":"admin","Tiempo de lectura":"1 minuto"},"schema":{"@context":"https:\/\/schema.org","@graph":[{"@type":"Article","@id":"https:\/\/ifevet.com\/latam\/jorge-martos-de-la-poza\/#article","isPartOf":{"@id":"https:\/\/ifevet.com\/latam\/jorge-martos-de-la-poza\/"},"author":{"name":"admin","@id":"https:\/\/ifevet.com\/latam\/#\/schema\/person\/dff617da2ff42828a70bf3d3e8ad0238"},"headline":"Jorge Martos de la Poza","datePublished":"2023-11-27T13:01:41+00:00","dateModified":"2025-01-14T18:09:39+00:00","mainEntityOfPage":{"@id":"https:\/\/ifevet.com\/latam\/jorge-martos-de-la-poza\/"},"wordCount":121,"image":{"@id":"https:\/\/ifevet.com\/latam\/jorge-martos-de-la-poza\/#primaryimage"},"thumbnailUrl":"https:\/\/ifevet.com\/latam\/wp-content\/uploads\/sites\/7\/2023\/11\/jorge3.png","articleSection":["Ponentes","Veterinarios"],"inLanguage":"es"},{"@type":"WebPage","@id":"https:\/\/ifevet.com\/latam\/jorge-martos-de-la-poza\/","url":"https:\/\/ifevet.com\/latam\/jorge-martos-de-la-poza\/","name":"Jorge Martos de la Poza | Ifevet International","isPartOf":{"@id":"https:\/\/ifevet.com\/latam\/#website"},"primaryImageOfPage":{"@id":"https:\/\/ifevet.com\/latam\/jorge-martos-de-la-poza\/#primaryimage"},"image":{"@id":"https:\/\/ifevet.com\/latam\/jorge-martos-de-la-poza\/#primaryimage"},"thumbnailUrl":"https:\/\/ifevet.com\/latam\/wp-content\/uploads\/sites\/7\/2023\/11\/jorge3.png","datePublished":"2023-11-27T13:01:41+00:00","dateModified":"2025-01-14T18:09:39+00:00","author":{"@id":"https:\/\/ifevet.com\/latam\/#\/schema\/person\/dff617da2ff42828a70bf3d3e8ad0238"},"description":"DVM, Acreditado Oncolog\u00eda GEVONC-AVEPA, PGCert. Onco. ifevet | Licenciado en Veterinaria por la Universidad de C\u00f3rdoba (UCO) en 2002...","breadcrumb":{"@id":"https:\/\/ifevet.com\/latam\/jorge-martos-de-la-poza\/#breadcrumb"},"inLanguage":"es","potentialAction":[{"@type":"ReadAction","target":["https:\/\/ifevet.com\/latam\/jorge-martos-de-la-poza\/"]}]},{"@type":"ImageObject","inLanguage":"es","@id":"https:\/\/ifevet.com\/latam\/jorge-martos-de-la-poza\/#primaryimage","url":"https:\/\/ifevet.com\/latam\/wp-content\/uploads\/sites\/7\/2023\/11\/jorge3.png","contentUrl":"https:\/\/ifevet.com\/latam\/wp-content\/uploads\/sites\/7\/2023\/11\/jorge3.png","width":336,"height":312},{"@type":"BreadcrumbList","@id":"https:\/\/ifevet.com\/latam\/jorge-martos-de-la-poza\/#breadcrumb","itemListElement":[{"@type":"ListItem","position":1,"name":"Portada","item":"https:\/\/ifevet.com\/latam\/"},{"@type":"ListItem","position":2,"name":"Jorge Martos de la Poza"}]},{"@type":"WebSite","@id":"https:\/\/ifevet.com\/latam\/#website","url":"https:\/\/ifevet.com\/latam\/","name":"Ifevet International - LATAM","description":"Instituto Internacional de Formaci\u00f3n Veterinaria","potentialAction":[{"@type":"SearchAction","target":{"@type":"EntryPoint","urlTemplate":"https:\/\/ifevet.com\/latam\/?s={search_term_string}"},"query-input":{"@type":"PropertyValueSpecification","valueRequired":true,"valueName":"search_term_string"}}],"inLanguage":"es"},{"@type":"Person","@id":"https:\/\/ifevet.com\/latam\/#\/schema\/person\/dff617da2ff42828a70bf3d3e8ad0238","name":"admin","image":{"@type":"ImageObject","inLanguage":"es","@id":"https:\/\/ifevet.com\/latam\/#\/schema\/person\/image\/","url":"https:\/\/secure.gravatar.com\/avatar\/20465fd60955541e129d551ed1d61ddae99ffa7509c027093b176d15984feef3?s=96&d=mm&r=g","contentUrl":"https:\/\/secure.gravatar.com\/avatar\/20465fd60955541e129d551ed1d61ddae99ffa7509c027093b176d15984feef3?s=96&d=mm&r=g","caption":"admin"},"sameAs":["https:\/\/ifevet.com"],"url":"https:\/\/ifevet.com\/latam\/author\/boadeche\/"}]}},"_links":{"self":[{"href":"https:\/\/ifevet.com\/latam\/wp-json\/wp\/v2\/posts\/41493","targetHints":{"allow":["GET"]}}],"collection":[{"href":"https:\/\/ifevet.com\/latam\/wp-json\/wp\/v2\/posts"}],"about":[{"href":"https:\/\/ifevet.com\/latam\/wp-json\/wp\/v2\/types\/post"}],"author":[{"embeddable":true,"href":"https:\/\/ifevet.com\/latam\/wp-json\/wp\/v2\/users\/1"}],"replies":[{"embeddable":true,"href":"https:\/\/ifevet.com\/latam\/wp-json\/wp\/v2\/comments?post=41493"}],"version-history":[{"count":12,"href":"https:\/\/ifevet.com\/latam\/wp-json\/wp\/v2\/posts\/41493\/revisions"}],"predecessor-version":[{"id":45248,"href":"https:\/\/ifevet.com\/latam\/wp-json\/wp\/v2\/posts\/41493\/revisions\/45248"}],"wp:featuredmedia":[{"embeddable":true,"href":"https:\/\/ifevet.com\/latam\/wp-json\/wp\/v2\/media\/41494"}],"wp:attachment":[{"href":"https:\/\/ifevet.com\/latam\/wp-json\/wp\/v2\/media?parent=41493"}],"wp:term":[{"taxonomy":"category","embeddable":true,"href":"https:\/\/ifevet.com\/latam\/wp-json\/wp\/v2\/categories?post=41493"},{"taxonomy":"post_tag","embeddable":true,"href":"https:\/\/ifevet.com\/latam\/wp-json\/wp\/v2\/tags?post=41493"}],"curies":[{"name":"wp","href":"https:\/\/api.w.org\/{rel}","templated":true}]}}