{"id":46798,"date":"2024-09-30T08:51:33","date_gmt":"2024-09-30T08:51:33","guid":{"rendered":"https:\/\/ifevet.com\/latam\/?p=46798"},"modified":"2025-05-07T10:19:43","modified_gmt":"2025-05-07T10:19:43","slug":"jose-luis-fontalba","status":"publish","type":"post","link":"https:\/\/ifevet.com\/latam\/jose-luis-fontalba\/","title":{"rendered":"Jos\u00e9 Lu\u00eds Fontalba"},"content":{"rendered":"\t\t<div data-elementor-type=\"wp-post\" data-elementor-id=\"46798\" class=\"elementor elementor-46798\" data-elementor-post-type=\"post\">\n\t\t\t\t\t\t<section class=\"elementor-section elementor-top-section elementor-element elementor-element-efbaff7 elementor-section-boxed elementor-section-height-default elementor-section-height-default\" data-id=\"efbaff7\" data-element_type=\"section\">\n\t\t\t\t\t\t<div class=\"elementor-container elementor-column-gap-default\">\n\t\t\t\t\t<div class=\"elementor-column elementor-col-100 elementor-top-column elementor-element elementor-element-8c1d3d0\" data-id=\"8c1d3d0\" data-element_type=\"column\">\n\t\t\t<div class=\"elementor-widget-wrap elementor-element-populated\">\n\t\t\t\t\t\t<section class=\"elementor-section elementor-inner-section elementor-element elementor-element-c93f845 elementor-section-boxed elementor-section-height-default elementor-section-height-default\" data-id=\"c93f845\" data-element_type=\"section\">\n\t\t\t\t\t\t<div class=\"elementor-container elementor-column-gap-default\">\n\t\t\t\t\t<div class=\"elementor-column elementor-col-50 elementor-inner-column elementor-element elementor-element-f03558a\" data-id=\"f03558a\" data-element_type=\"column\">\n\t\t\t<div class=\"elementor-widget-wrap elementor-element-populated\">\n\t\t\t\t\t\t<div class=\"elementor-element elementor-element-cdab056 elementor-widget elementor-widget-image\" data-id=\"cdab056\" data-element_type=\"widget\" data-widget_type=\"image.default\">\n\t\t\t\t<div class=\"elementor-widget-container\">\n\t\t\t\t\t\t\t\t\t\t\t\t\t\t\t<img fetchpriority=\"high\" decoding=\"async\" width=\"433\" height=\"577\" src=\"https:\/\/ifevet.com\/latam\/wp-content\/uploads\/sites\/7\/2024\/09\/Foto_JLFN_-_Anicura-removebg-preview.webp\" class=\"attachment-large size-large wp-image-46799\" alt=\"\" srcset=\"https:\/\/ifevet.com\/latam\/wp-content\/uploads\/sites\/7\/2024\/09\/Foto_JLFN_-_Anicura-removebg-preview.webp 433w, https:\/\/ifevet.com\/latam\/wp-content\/uploads\/sites\/7\/2024\/09\/Foto_JLFN_-_Anicura-removebg-preview-225x300.webp 225w\" sizes=\"(max-width: 433px) 100vw, 433px\" \/>\t\t\t\t\t\t\t\t\t\t\t\t\t\t\t<\/div>\n\t\t\t\t<\/div>\n\t\t\t\t\t<\/div>\n\t\t<\/div>\n\t\t\t\t<div class=\"elementor-column elementor-col-50 elementor-inner-column elementor-element elementor-element-3194e1f\" data-id=\"3194e1f\" data-element_type=\"column\">\n\t\t\t<div class=\"elementor-widget-wrap elementor-element-populated\">\n\t\t\t\t\t\t<div class=\"elementor-element elementor-element-4e155e2 elementor-widget elementor-widget-heading\" data-id=\"4e155e2\" data-element_type=\"widget\" data-widget_type=\"heading.default\">\n\t\t\t\t<div class=\"elementor-widget-container\">\n\t\t\t\t\t<h2 class=\"elementor-heading-title elementor-size-default\">Jos\u00e9 Lu\u00eds Fontalba<\/h2>\t\t\t\t<\/div>\n\t\t\t\t<\/div>\n\t\t\t\t<div class=\"elementor-element elementor-element-107ffeb elementor-widget elementor-widget-heading\" data-id=\"107ffeb\" data-element_type=\"widget\" data-widget_type=\"heading.default\">\n\t\t\t\t<div class=\"elementor-widget-container\">\n\t\t\t\t\t<h2 class=\"elementor-heading-title elementor-size-default\">Ldo Vet, PhD, Dipl ECVS, Jefe de servicio de cirug\u00eda y traumatolog\u00eda de Anicura VETSIA<\/h2>\t\t\t\t<\/div>\n\t\t\t\t<\/div>\n\t\t\t\t<div class=\"elementor-element elementor-element-653bf5f elementor-widget-divider--view-line elementor-widget elementor-widget-divider\" data-id=\"653bf5f\" data-element_type=\"widget\" data-widget_type=\"divider.default\">\n\t\t\t\t<div class=\"elementor-widget-container\">\n\t\t\t\t\t\t\t<div class=\"elementor-divider\">\n\t\t\t<span class=\"elementor-divider-separator\">\n\t\t\t\t\t\t<\/span>\n\t\t<\/div>\n\t\t\t\t\t\t<\/div>\n\t\t\t\t<\/div>\n\t\t\t\t<div class=\"elementor-element elementor-element-535c708 elementor-widget elementor-widget-text-editor\" data-id=\"535c708\" data-element_type=\"widget\" data-widget_type=\"text-editor.default\">\n\t\t\t\t<div class=\"elementor-widget-container\">\n\t\t\t\t\t\t\t\t\t<p>Licenciado por la Universidad de C\u00f3rdoba (Espa\u00f1a) en el a\u00f1o 2006. Poco despu\u00e9s inici\u00f3 el periodo de formaci\u00f3n para obtener el Diploma de Estudios Avanzados (2007-2009) (DEA) en la Universidad de M\u00e1laga, en el Programa de Avances en Ciencias de la Salud. En 2014 \u2013 2015 curs\u00f3 el t\u00edtulo propio de \u201cEspecialista en Traumatolog\u00eda y Cirug\u00eda Ortop\u00e9dica\u201d en la Universidad Complutense de Madrid, actualmente es profesor de dicho t\u00edtulo. En 2016 consigui\u00f3 el t\u00edtulo de Doctor (PhD) por la Universidad de M\u00e1laga con calificaci\u00f3n Sobresaliente \u2013 Cum Laude. Realiz\u00f3 la residencia en la especialidad de cirug\u00eda del Colegio Europeo de Cirujanos Veterinarios (ECVS) desde 2019 a 2022. Diplomado Europeo en cirug\u00eda (Dipl ECVS) desde 2024. Director del programa de formaci\u00f3n de residentes europeos en cirug\u00eda en AniCura VETSIA. Actualmente coordina un grupo de investigaci\u00f3n multidisciplinar centrado en el estudio de las propiedades biomec\u00e1nicas de la rodilla canina en las patolog\u00edas que afectan al ligamento cruzado. Ha realizado estancias en centros Universitarios y privados de prestigio en Estados Unidos y Europa. Es profesor de cirug\u00eda en la Universidad Europea de Madrid. Es miembro activo e instructor de AO Vet, pertenece al grupo de trabajo del GEVO-AVEPA. Desde 2022 es Acreditado y miembro del comit\u00e9 t\u00e9cnico de la especialidad de Traumatolog\u00eda y Ortopedia (GEVO-AVEPA). Sus \u00e1mbitos de inter\u00e9s cient\u00edfico son las patolog\u00edas \u00f3seas del crecimiento y deformaciones angulares, as\u00ed como las patolog\u00edas de rodilla canina. Dentro de la Neurocirug\u00eda, le interesa la estabilizaci\u00f3n de fracturas\/luxaciones que afectan a la columna vertebral<\/p>\t\t\t\t\t\t\t\t<\/div>\n\t\t\t\t<\/div>\n\t\t\t\t\t<\/div>\n\t\t<\/div>\n\t\t\t\t\t<\/div>\n\t\t<\/section>\n\t\t\t\t\t<\/div>\n\t\t<\/div>\n\t\t\t\t\t<\/div>\n\t\t<\/section>\n\t\t\t\t<\/div>\n\t\t","protected":false},"excerpt":{"rendered":"<p>Ldo Vet, PhD, Dipl ECVS, Jefe de servicio de cirug\u00eda y traumatolog\u00eda de Anicura VETSIA<\/p>\n","protected":false},"author":1,"featured_media":46799,"comment_status":"closed","ping_status":"closed","sticky":false,"template":"","format":"standard","meta":{"footnotes":""},"categories":[33,45],"tags":[],"class_list":["post-46798","post","type-post","status-publish","format-standard","has-post-thumbnail","hentry","category-ponentes","category-veterinarios"],"yoast_head":"<!-- This site is optimized with the Yoast SEO plugin v27.1.1 - https:\/\/yoast.com\/product\/yoast-seo-wordpress\/ -->\n<title>Jose Lu\u00eds Fontalba | Ifevet International<\/title>\n<meta name=\"description\" content=\"Ldo Vet, PhD, Dipl ECVS, Jefe de servicio de cirug\u00eda y traumatolog\u00eda de Anicura VETSIA | Licenciado por la Universidad de C\u00f3rdoba (Espa\u00f1a)...\" \/>\n<meta name=\"robots\" content=\"index, follow, max-snippet:-1, max-image-preview:large, max-video-preview:-1\" \/>\n<link rel=\"canonical\" href=\"https:\/\/ifevet.com\/latam\/jose-luis-fontalba\/\" \/>\n<meta property=\"og:locale\" content=\"es_ES\" \/>\n<meta property=\"og:type\" content=\"article\" \/>\n<meta property=\"og:title\" content=\"Jose Lu\u00eds Fontalba | Ifevet International\" \/>\n<meta property=\"og:description\" content=\"Ldo Vet, PhD, Dipl ECVS, Jefe de servicio de cirug\u00eda y traumatolog\u00eda de Anicura VETSIA | Licenciado por la Universidad de C\u00f3rdoba (Espa\u00f1a)...\" \/>\n<meta property=\"og:url\" content=\"https:\/\/ifevet.com\/latam\/jose-luis-fontalba\/\" \/>\n<meta property=\"og:site_name\" content=\"Ifevet International - LATAM\" \/>\n<meta property=\"article:published_time\" content=\"2024-09-30T08:51:33+00:00\" \/>\n<meta property=\"article:modified_time\" content=\"2025-05-07T10:19:43+00:00\" \/>\n<meta property=\"og:image\" content=\"https:\/\/ifevet.com\/latam\/wp-content\/uploads\/sites\/7\/2024\/09\/Foto_JLFN_-_Anicura-removebg-preview.webp\" \/>\n\t<meta property=\"og:image:width\" content=\"433\" \/>\n\t<meta property=\"og:image:height\" content=\"577\" \/>\n\t<meta property=\"og:image:type\" content=\"image\/webp\" \/>\n<meta name=\"author\" content=\"admin\" \/>\n<meta name=\"twitter:card\" content=\"summary_large_image\" \/>\n<meta name=\"twitter:label1\" content=\"Escrito por\" \/>\n\t<meta name=\"twitter:data1\" content=\"admin\" \/>\n\t<meta name=\"twitter:label2\" content=\"Tiempo de lectura\" \/>\n\t<meta name=\"twitter:data2\" content=\"2 minutos\" \/>\n<script type=\"application\/ld+json\" class=\"yoast-schema-graph\">{\"@context\":\"https:\/\/schema.org\",\"@graph\":[{\"@type\":\"Article\",\"@id\":\"https:\/\/ifevet.com\/latam\/jose-luis-fontalba\/#article\",\"isPartOf\":{\"@id\":\"https:\/\/ifevet.com\/latam\/jose-luis-fontalba\/\"},\"author\":{\"name\":\"admin\",\"@id\":\"https:\/\/ifevet.com\/latam\/#\/schema\/person\/dff617da2ff42828a70bf3d3e8ad0238\"},\"headline\":\"Jos\u00e9 Lu\u00eds Fontalba\",\"datePublished\":\"2024-09-30T08:51:33+00:00\",\"dateModified\":\"2025-05-07T10:19:43+00:00\",\"mainEntityOfPage\":{\"@id\":\"https:\/\/ifevet.com\/latam\/jose-luis-fontalba\/\"},\"wordCount\":295,\"image\":{\"@id\":\"https:\/\/ifevet.com\/latam\/jose-luis-fontalba\/#primaryimage\"},\"thumbnailUrl\":\"https:\/\/ifevet.com\/latam\/wp-content\/uploads\/sites\/7\/2024\/09\/Foto_JLFN_-_Anicura-removebg-preview.webp\",\"articleSection\":[\"Ponentes\",\"Veterinarios\"],\"inLanguage\":\"es\"},{\"@type\":\"WebPage\",\"@id\":\"https:\/\/ifevet.com\/latam\/jose-luis-fontalba\/\",\"url\":\"https:\/\/ifevet.com\/latam\/jose-luis-fontalba\/\",\"name\":\"Jose Lu\u00eds Fontalba | Ifevet International\",\"isPartOf\":{\"@id\":\"https:\/\/ifevet.com\/latam\/#website\"},\"primaryImageOfPage\":{\"@id\":\"https:\/\/ifevet.com\/latam\/jose-luis-fontalba\/#primaryimage\"},\"image\":{\"@id\":\"https:\/\/ifevet.com\/latam\/jose-luis-fontalba\/#primaryimage\"},\"thumbnailUrl\":\"https:\/\/ifevet.com\/latam\/wp-content\/uploads\/sites\/7\/2024\/09\/Foto_JLFN_-_Anicura-removebg-preview.webp\",\"datePublished\":\"2024-09-30T08:51:33+00:00\",\"dateModified\":\"2025-05-07T10:19:43+00:00\",\"author\":{\"@id\":\"https:\/\/ifevet.com\/latam\/#\/schema\/person\/dff617da2ff42828a70bf3d3e8ad0238\"},\"description\":\"Ldo Vet, PhD, Dipl ECVS, Jefe de servicio de cirug\u00eda y traumatolog\u00eda de Anicura VETSIA | Licenciado por la Universidad de C\u00f3rdoba (Espa\u00f1a)...\",\"breadcrumb\":{\"@id\":\"https:\/\/ifevet.com\/latam\/jose-luis-fontalba\/#breadcrumb\"},\"inLanguage\":\"es\",\"potentialAction\":[{\"@type\":\"ReadAction\",\"target\":[\"https:\/\/ifevet.com\/latam\/jose-luis-fontalba\/\"]}]},{\"@type\":\"ImageObject\",\"inLanguage\":\"es\",\"@id\":\"https:\/\/ifevet.com\/latam\/jose-luis-fontalba\/#primaryimage\",\"url\":\"https:\/\/ifevet.com\/latam\/wp-content\/uploads\/sites\/7\/2024\/09\/Foto_JLFN_-_Anicura-removebg-preview.webp\",\"contentUrl\":\"https:\/\/ifevet.com\/latam\/wp-content\/uploads\/sites\/7\/2024\/09\/Foto_JLFN_-_Anicura-removebg-preview.webp\",\"width\":433,\"height\":577},{\"@type\":\"BreadcrumbList\",\"@id\":\"https:\/\/ifevet.com\/latam\/jose-luis-fontalba\/#breadcrumb\",\"itemListElement\":[{\"@type\":\"ListItem\",\"position\":1,\"name\":\"Portada\",\"item\":\"https:\/\/ifevet.com\/latam\/\"},{\"@type\":\"ListItem\",\"position\":2,\"name\":\"Jos\u00e9 Lu\u00eds Fontalba\"}]},{\"@type\":\"WebSite\",\"@id\":\"https:\/\/ifevet.com\/latam\/#website\",\"url\":\"https:\/\/ifevet.com\/latam\/\",\"name\":\"Ifevet International - LATAM\",\"description\":\"Instituto Internacional de Formaci\u00f3n Veterinaria\",\"potentialAction\":[{\"@type\":\"SearchAction\",\"target\":{\"@type\":\"EntryPoint\",\"urlTemplate\":\"https:\/\/ifevet.com\/latam\/?s={search_term_string}\"},\"query-input\":{\"@type\":\"PropertyValueSpecification\",\"valueRequired\":true,\"valueName\":\"search_term_string\"}}],\"inLanguage\":\"es\"},{\"@type\":\"Person\",\"@id\":\"https:\/\/ifevet.com\/latam\/#\/schema\/person\/dff617da2ff42828a70bf3d3e8ad0238\",\"name\":\"admin\",\"image\":{\"@type\":\"ImageObject\",\"inLanguage\":\"es\",\"@id\":\"https:\/\/ifevet.com\/latam\/#\/schema\/person\/image\/\",\"url\":\"https:\/\/secure.gravatar.com\/avatar\/20465fd60955541e129d551ed1d61ddae99ffa7509c027093b176d15984feef3?s=96&d=mm&r=g\",\"contentUrl\":\"https:\/\/secure.gravatar.com\/avatar\/20465fd60955541e129d551ed1d61ddae99ffa7509c027093b176d15984feef3?s=96&d=mm&r=g\",\"caption\":\"admin\"},\"sameAs\":[\"https:\/\/ifevet.com\"],\"url\":\"https:\/\/ifevet.com\/latam\/author\/boadeche\/\"}]}<\/script>\n<!-- \/ Yoast SEO plugin. -->","yoast_head_json":{"title":"Jose Lu\u00eds Fontalba | Ifevet International","description":"Ldo Vet, PhD, Dipl ECVS, Jefe de servicio de cirug\u00eda y traumatolog\u00eda de Anicura VETSIA | Licenciado por la Universidad de C\u00f3rdoba (Espa\u00f1a)...","robots":{"index":"index","follow":"follow","max-snippet":"max-snippet:-1","max-image-preview":"max-image-preview:large","max-video-preview":"max-video-preview:-1"},"canonical":"https:\/\/ifevet.com\/latam\/jose-luis-fontalba\/","og_locale":"es_ES","og_type":"article","og_title":"Jose Lu\u00eds Fontalba | Ifevet International","og_description":"Ldo Vet, PhD, Dipl ECVS, Jefe de servicio de cirug\u00eda y traumatolog\u00eda de Anicura VETSIA | Licenciado por la Universidad de C\u00f3rdoba (Espa\u00f1a)...","og_url":"https:\/\/ifevet.com\/latam\/jose-luis-fontalba\/","og_site_name":"Ifevet International - LATAM","article_published_time":"2024-09-30T08:51:33+00:00","article_modified_time":"2025-05-07T10:19:43+00:00","og_image":[{"width":433,"height":577,"url":"https:\/\/ifevet.com\/latam\/wp-content\/uploads\/sites\/7\/2024\/09\/Foto_JLFN_-_Anicura-removebg-preview.webp","type":"image\/webp"}],"author":"admin","twitter_card":"summary_large_image","twitter_misc":{"Escrito por":"admin","Tiempo de lectura":"2 minutos"},"schema":{"@context":"https:\/\/schema.org","@graph":[{"@type":"Article","@id":"https:\/\/ifevet.com\/latam\/jose-luis-fontalba\/#article","isPartOf":{"@id":"https:\/\/ifevet.com\/latam\/jose-luis-fontalba\/"},"author":{"name":"admin","@id":"https:\/\/ifevet.com\/latam\/#\/schema\/person\/dff617da2ff42828a70bf3d3e8ad0238"},"headline":"Jos\u00e9 Lu\u00eds Fontalba","datePublished":"2024-09-30T08:51:33+00:00","dateModified":"2025-05-07T10:19:43+00:00","mainEntityOfPage":{"@id":"https:\/\/ifevet.com\/latam\/jose-luis-fontalba\/"},"wordCount":295,"image":{"@id":"https:\/\/ifevet.com\/latam\/jose-luis-fontalba\/#primaryimage"},"thumbnailUrl":"https:\/\/ifevet.com\/latam\/wp-content\/uploads\/sites\/7\/2024\/09\/Foto_JLFN_-_Anicura-removebg-preview.webp","articleSection":["Ponentes","Veterinarios"],"inLanguage":"es"},{"@type":"WebPage","@id":"https:\/\/ifevet.com\/latam\/jose-luis-fontalba\/","url":"https:\/\/ifevet.com\/latam\/jose-luis-fontalba\/","name":"Jose Lu\u00eds Fontalba | Ifevet International","isPartOf":{"@id":"https:\/\/ifevet.com\/latam\/#website"},"primaryImageOfPage":{"@id":"https:\/\/ifevet.com\/latam\/jose-luis-fontalba\/#primaryimage"},"image":{"@id":"https:\/\/ifevet.com\/latam\/jose-luis-fontalba\/#primaryimage"},"thumbnailUrl":"https:\/\/ifevet.com\/latam\/wp-content\/uploads\/sites\/7\/2024\/09\/Foto_JLFN_-_Anicura-removebg-preview.webp","datePublished":"2024-09-30T08:51:33+00:00","dateModified":"2025-05-07T10:19:43+00:00","author":{"@id":"https:\/\/ifevet.com\/latam\/#\/schema\/person\/dff617da2ff42828a70bf3d3e8ad0238"},"description":"Ldo Vet, PhD, Dipl ECVS, Jefe de servicio de cirug\u00eda y traumatolog\u00eda de Anicura VETSIA | Licenciado por la Universidad de C\u00f3rdoba (Espa\u00f1a)...","breadcrumb":{"@id":"https:\/\/ifevet.com\/latam\/jose-luis-fontalba\/#breadcrumb"},"inLanguage":"es","potentialAction":[{"@type":"ReadAction","target":["https:\/\/ifevet.com\/latam\/jose-luis-fontalba\/"]}]},{"@type":"ImageObject","inLanguage":"es","@id":"https:\/\/ifevet.com\/latam\/jose-luis-fontalba\/#primaryimage","url":"https:\/\/ifevet.com\/latam\/wp-content\/uploads\/sites\/7\/2024\/09\/Foto_JLFN_-_Anicura-removebg-preview.webp","contentUrl":"https:\/\/ifevet.com\/latam\/wp-content\/uploads\/sites\/7\/2024\/09\/Foto_JLFN_-_Anicura-removebg-preview.webp","width":433,"height":577},{"@type":"BreadcrumbList","@id":"https:\/\/ifevet.com\/latam\/jose-luis-fontalba\/#breadcrumb","itemListElement":[{"@type":"ListItem","position":1,"name":"Portada","item":"https:\/\/ifevet.com\/latam\/"},{"@type":"ListItem","position":2,"name":"Jos\u00e9 Lu\u00eds Fontalba"}]},{"@type":"WebSite","@id":"https:\/\/ifevet.com\/latam\/#website","url":"https:\/\/ifevet.com\/latam\/","name":"Ifevet International - LATAM","description":"Instituto Internacional de Formaci\u00f3n Veterinaria","potentialAction":[{"@type":"SearchAction","target":{"@type":"EntryPoint","urlTemplate":"https:\/\/ifevet.com\/latam\/?s={search_term_string}"},"query-input":{"@type":"PropertyValueSpecification","valueRequired":true,"valueName":"search_term_string"}}],"inLanguage":"es"},{"@type":"Person","@id":"https:\/\/ifevet.com\/latam\/#\/schema\/person\/dff617da2ff42828a70bf3d3e8ad0238","name":"admin","image":{"@type":"ImageObject","inLanguage":"es","@id":"https:\/\/ifevet.com\/latam\/#\/schema\/person\/image\/","url":"https:\/\/secure.gravatar.com\/avatar\/20465fd60955541e129d551ed1d61ddae99ffa7509c027093b176d15984feef3?s=96&d=mm&r=g","contentUrl":"https:\/\/secure.gravatar.com\/avatar\/20465fd60955541e129d551ed1d61ddae99ffa7509c027093b176d15984feef3?s=96&d=mm&r=g","caption":"admin"},"sameAs":["https:\/\/ifevet.com"],"url":"https:\/\/ifevet.com\/latam\/author\/boadeche\/"}]}},"_links":{"self":[{"href":"https:\/\/ifevet.com\/latam\/wp-json\/wp\/v2\/posts\/46798","targetHints":{"allow":["GET"]}}],"collection":[{"href":"https:\/\/ifevet.com\/latam\/wp-json\/wp\/v2\/posts"}],"about":[{"href":"https:\/\/ifevet.com\/latam\/wp-json\/wp\/v2\/types\/post"}],"author":[{"embeddable":true,"href":"https:\/\/ifevet.com\/latam\/wp-json\/wp\/v2\/users\/1"}],"replies":[{"embeddable":true,"href":"https:\/\/ifevet.com\/latam\/wp-json\/wp\/v2\/comments?post=46798"}],"version-history":[{"count":13,"href":"https:\/\/ifevet.com\/latam\/wp-json\/wp\/v2\/posts\/46798\/revisions"}],"predecessor-version":[{"id":47939,"href":"https:\/\/ifevet.com\/latam\/wp-json\/wp\/v2\/posts\/46798\/revisions\/47939"}],"wp:featuredmedia":[{"embeddable":true,"href":"https:\/\/ifevet.com\/latam\/wp-json\/wp\/v2\/media\/46799"}],"wp:attachment":[{"href":"https:\/\/ifevet.com\/latam\/wp-json\/wp\/v2\/media?parent=46798"}],"wp:term":[{"taxonomy":"category","embeddable":true,"href":"https:\/\/ifevet.com\/latam\/wp-json\/wp\/v2\/categories?post=46798"},{"taxonomy":"post_tag","embeddable":true,"href":"https:\/\/ifevet.com\/latam\/wp-json\/wp\/v2\/tags?post=46798"}],"curies":[{"name":"wp","href":"https:\/\/api.w.org\/{rel}","templated":true}]}}