{"id":46900,"date":"2024-09-30T10:07:03","date_gmt":"2024-09-30T10:07:03","guid":{"rendered":"https:\/\/ifevet.com\/latam\/?p=46900"},"modified":"2025-01-14T17:43:29","modified_gmt":"2025-01-14T17:43:29","slug":"sandra-sanchis-mora","status":"publish","type":"post","link":"https:\/\/ifevet.com\/latam\/sandra-sanchis-mora\/","title":{"rendered":"Sandra Sanch\u00eds Mora"},"content":{"rendered":"\t\t<div data-elementor-type=\"wp-post\" data-elementor-id=\"46900\" class=\"elementor elementor-46900\" data-elementor-post-type=\"post\">\n\t\t\t\t\t\t<section class=\"elementor-section elementor-top-section elementor-element elementor-element-efbaff7 elementor-section-boxed elementor-section-height-default elementor-section-height-default\" data-id=\"efbaff7\" data-element_type=\"section\">\n\t\t\t\t\t\t<div class=\"elementor-container elementor-column-gap-default\">\n\t\t\t\t\t<div class=\"elementor-column elementor-col-100 elementor-top-column elementor-element elementor-element-8c1d3d0\" data-id=\"8c1d3d0\" data-element_type=\"column\">\n\t\t\t<div class=\"elementor-widget-wrap elementor-element-populated\">\n\t\t\t\t\t\t<section class=\"elementor-section elementor-inner-section elementor-element elementor-element-c93f845 elementor-section-boxed elementor-section-height-default elementor-section-height-default\" data-id=\"c93f845\" data-element_type=\"section\">\n\t\t\t\t\t\t<div class=\"elementor-container elementor-column-gap-default\">\n\t\t\t\t\t<div class=\"elementor-column elementor-col-50 elementor-inner-column elementor-element elementor-element-f03558a\" data-id=\"f03558a\" data-element_type=\"column\">\n\t\t\t<div class=\"elementor-widget-wrap elementor-element-populated\">\n\t\t\t\t\t\t<div class=\"elementor-element elementor-element-cdab056 elementor-widget elementor-widget-image\" data-id=\"cdab056\" data-element_type=\"widget\" data-widget_type=\"image.default\">\n\t\t\t\t<div class=\"elementor-widget-container\">\n\t\t\t\t\t\t\t\t\t\t\t\t\t\t\t<img fetchpriority=\"high\" decoding=\"async\" width=\"660\" height=\"378\" src=\"https:\/\/ifevet.com\/latam\/wp-content\/uploads\/sites\/7\/2024\/09\/Sandra_Sanchis-removebg-preview.webp\" class=\"attachment-large size-large wp-image-46901\" alt=\"\" srcset=\"https:\/\/ifevet.com\/latam\/wp-content\/uploads\/sites\/7\/2024\/09\/Sandra_Sanchis-removebg-preview.webp 660w, https:\/\/ifevet.com\/latam\/wp-content\/uploads\/sites\/7\/2024\/09\/Sandra_Sanchis-removebg-preview-300x172.webp 300w, https:\/\/ifevet.com\/latam\/wp-content\/uploads\/sites\/7\/2024\/09\/Sandra_Sanchis-removebg-preview-600x344.webp 600w\" sizes=\"(max-width: 660px) 100vw, 660px\" \/>\t\t\t\t\t\t\t\t\t\t\t\t\t\t\t<\/div>\n\t\t\t\t<\/div>\n\t\t\t\t\t<\/div>\n\t\t<\/div>\n\t\t\t\t<div class=\"elementor-column elementor-col-50 elementor-inner-column elementor-element elementor-element-3194e1f\" data-id=\"3194e1f\" data-element_type=\"column\">\n\t\t\t<div class=\"elementor-widget-wrap elementor-element-populated\">\n\t\t\t\t\t\t<div class=\"elementor-element elementor-element-4e155e2 elementor-widget elementor-widget-heading\" data-id=\"4e155e2\" data-element_type=\"widget\" data-widget_type=\"heading.default\">\n\t\t\t\t<div class=\"elementor-widget-container\">\n\t\t\t\t\t<h2 class=\"elementor-heading-title elementor-size-default\">Sandra Sanch\u00eds Mora<\/h2>\t\t\t\t<\/div>\n\t\t\t\t<\/div>\n\t\t\t\t<div class=\"elementor-element elementor-element-107ffeb elementor-widget elementor-widget-heading\" data-id=\"107ffeb\" data-element_type=\"widget\" data-widget_type=\"heading.default\">\n\t\t\t\t<div class=\"elementor-widget-container\">\n\t\t\t\t\t<h2 class=\"elementor-heading-title elementor-size-default\">LV, MVetMed, PhD, Dip ECVAA, PGCertVetEd FHEA, MRCVS, PGCert. Anaest. ifevet\n<\/h2>\t\t\t\t<\/div>\n\t\t\t\t<\/div>\n\t\t\t\t<div class=\"elementor-element elementor-element-653bf5f elementor-widget-divider--view-line elementor-widget elementor-widget-divider\" data-id=\"653bf5f\" data-element_type=\"widget\" data-widget_type=\"divider.default\">\n\t\t\t\t<div class=\"elementor-widget-container\">\n\t\t\t\t\t\t\t<div class=\"elementor-divider\">\n\t\t\t<span class=\"elementor-divider-separator\">\n\t\t\t\t\t\t<\/span>\n\t\t<\/div>\n\t\t\t\t\t\t<\/div>\n\t\t\t\t<\/div>\n\t\t\t\t<div class=\"elementor-element elementor-element-535c708 elementor-widget elementor-widget-text-editor\" data-id=\"535c708\" data-element_type=\"widget\" data-widget_type=\"text-editor.default\">\n\t\t\t\t<div class=\"elementor-widget-container\">\n\t\t\t\t\t\t\t\t\t<p>Licenciada en Veterinaria por la Universidad CEU Cardenal Herrera (Valencia, 2007). Internado de peque\u00f1os animales en la Universitat Aut\u00f2noma de Barcelona (2009). Despu\u00e9s de completar un internado en anestesia en el Royal Veterinary College en Londres (2010), complet\u00f3 su residencia en anestesia y analgesia veterinaria en la misma universidad (2013). A continuaci\u00f3n, realiz\u00f3 su doctorado en \u201cdiagnostico y tratamiento del dolor neurop\u00e1tico en perros\u201d (Londres, 2017) y consigui\u00f3 el titulo de Diplomada Europea en Anestesia y Analgesia Veterinaria (EBVS) en 2018.<\/p><p>Despu\u00e9s de trabajar en la Universidad de Liverpool, volvi\u00f3 al Royal Veterinary College en el que fue profesora hasta el 2022. Actualmente es la responsable del servicio de la Cl\u00ednica del Dolor del centro de referencia Southfields Veterinary Specialist, Basildon, UK.<\/p><p>Es autora de varios art\u00edculos publicados en revistas internacionales de divulgaci\u00f3n cient\u00edfica.<\/p>\t\t\t\t\t\t\t\t<\/div>\n\t\t\t\t<\/div>\n\t\t\t\t\t<\/div>\n\t\t<\/div>\n\t\t\t\t\t<\/div>\n\t\t<\/section>\n\t\t\t\t\t<\/div>\n\t\t<\/div>\n\t\t\t\t\t<\/div>\n\t\t<\/section>\n\t\t\t\t<\/div>\n\t\t","protected":false},"excerpt":{"rendered":"<p>LV, MVetMed, PhD, Dip ECVAA, PGCertVetEd FHEA, MRCVS, PGCert. Anaest. ifevet<\/p>\n","protected":false},"author":1,"featured_media":46901,"comment_status":"closed","ping_status":"closed","sticky":false,"template":"","format":"standard","meta":{"footnotes":""},"categories":[33,45],"tags":[],"class_list":["post-46900","post","type-post","status-publish","format-standard","has-post-thumbnail","hentry","category-ponentes","category-veterinarios"],"yoast_head":"<!-- This site is optimized with the Yoast SEO plugin v27.1.1 - https:\/\/yoast.com\/product\/yoast-seo-wordpress\/ -->\n<title>Sandra Sanch\u00eds | Ifevet International<\/title>\n<meta name=\"description\" content=\"LV, MVetMed, PhD, Dip ECVAA, PGCertVetEd FHEA, MRCVS, PGCert. Anaest. ifevet | Licenciada en Veterinaria por la Universidad...\" \/>\n<meta name=\"robots\" content=\"index, follow, max-snippet:-1, max-image-preview:large, max-video-preview:-1\" \/>\n<link rel=\"canonical\" href=\"https:\/\/ifevet.com\/latam\/sandra-sanchis-mora\/\" \/>\n<meta property=\"og:locale\" content=\"es_ES\" \/>\n<meta property=\"og:type\" content=\"article\" \/>\n<meta property=\"og:title\" content=\"Sandra Sanch\u00eds | Ifevet International\" \/>\n<meta property=\"og:description\" content=\"LV, MVetMed, PhD, Dip ECVAA, PGCertVetEd FHEA, MRCVS, PGCert. Anaest. ifevet | Licenciada en Veterinaria por la Universidad...\" \/>\n<meta property=\"og:url\" content=\"https:\/\/ifevet.com\/latam\/sandra-sanchis-mora\/\" \/>\n<meta property=\"og:site_name\" content=\"Ifevet International - LATAM\" \/>\n<meta property=\"article:published_time\" content=\"2024-09-30T10:07:03+00:00\" \/>\n<meta property=\"article:modified_time\" content=\"2025-01-14T17:43:29+00:00\" \/>\n<meta property=\"og:image\" content=\"https:\/\/ifevet.com\/latam\/wp-content\/uploads\/sites\/7\/2024\/09\/Sandra_Sanchis-removebg-preview.webp\" \/>\n\t<meta property=\"og:image:width\" content=\"660\" \/>\n\t<meta property=\"og:image:height\" content=\"378\" \/>\n\t<meta property=\"og:image:type\" content=\"image\/webp\" \/>\n<meta name=\"author\" content=\"admin\" \/>\n<meta name=\"twitter:card\" content=\"summary_large_image\" \/>\n<meta name=\"twitter:label1\" content=\"Escrito por\" \/>\n\t<meta name=\"twitter:data1\" content=\"admin\" \/>\n\t<meta name=\"twitter:label2\" content=\"Tiempo de lectura\" \/>\n\t<meta name=\"twitter:data2\" content=\"2 minutos\" \/>\n<script type=\"application\/ld+json\" class=\"yoast-schema-graph\">{\"@context\":\"https:\/\/schema.org\",\"@graph\":[{\"@type\":\"Article\",\"@id\":\"https:\/\/ifevet.com\/latam\/sandra-sanchis-mora\/#article\",\"isPartOf\":{\"@id\":\"https:\/\/ifevet.com\/latam\/sandra-sanchis-mora\/\"},\"author\":{\"name\":\"admin\",\"@id\":\"https:\/\/ifevet.com\/latam\/#\/schema\/person\/dff617da2ff42828a70bf3d3e8ad0238\"},\"headline\":\"Sandra Sanch\u00eds Mora\",\"datePublished\":\"2024-09-30T10:07:03+00:00\",\"dateModified\":\"2025-01-14T17:43:29+00:00\",\"mainEntityOfPage\":{\"@id\":\"https:\/\/ifevet.com\/latam\/sandra-sanchis-mora\/\"},\"wordCount\":156,\"image\":{\"@id\":\"https:\/\/ifevet.com\/latam\/sandra-sanchis-mora\/#primaryimage\"},\"thumbnailUrl\":\"https:\/\/ifevet.com\/latam\/wp-content\/uploads\/sites\/7\/2024\/09\/Sandra_Sanchis-removebg-preview.webp\",\"articleSection\":[\"Ponentes\",\"Veterinarios\"],\"inLanguage\":\"es\"},{\"@type\":\"WebPage\",\"@id\":\"https:\/\/ifevet.com\/latam\/sandra-sanchis-mora\/\",\"url\":\"https:\/\/ifevet.com\/latam\/sandra-sanchis-mora\/\",\"name\":\"Sandra Sanch\u00eds | Ifevet International\",\"isPartOf\":{\"@id\":\"https:\/\/ifevet.com\/latam\/#website\"},\"primaryImageOfPage\":{\"@id\":\"https:\/\/ifevet.com\/latam\/sandra-sanchis-mora\/#primaryimage\"},\"image\":{\"@id\":\"https:\/\/ifevet.com\/latam\/sandra-sanchis-mora\/#primaryimage\"},\"thumbnailUrl\":\"https:\/\/ifevet.com\/latam\/wp-content\/uploads\/sites\/7\/2024\/09\/Sandra_Sanchis-removebg-preview.webp\",\"datePublished\":\"2024-09-30T10:07:03+00:00\",\"dateModified\":\"2025-01-14T17:43:29+00:00\",\"author\":{\"@id\":\"https:\/\/ifevet.com\/latam\/#\/schema\/person\/dff617da2ff42828a70bf3d3e8ad0238\"},\"description\":\"LV, MVetMed, PhD, Dip ECVAA, PGCertVetEd FHEA, MRCVS, PGCert. Anaest. ifevet | Licenciada en Veterinaria por la Universidad...\",\"breadcrumb\":{\"@id\":\"https:\/\/ifevet.com\/latam\/sandra-sanchis-mora\/#breadcrumb\"},\"inLanguage\":\"es\",\"potentialAction\":[{\"@type\":\"ReadAction\",\"target\":[\"https:\/\/ifevet.com\/latam\/sandra-sanchis-mora\/\"]}]},{\"@type\":\"ImageObject\",\"inLanguage\":\"es\",\"@id\":\"https:\/\/ifevet.com\/latam\/sandra-sanchis-mora\/#primaryimage\",\"url\":\"https:\/\/ifevet.com\/latam\/wp-content\/uploads\/sites\/7\/2024\/09\/Sandra_Sanchis-removebg-preview.webp\",\"contentUrl\":\"https:\/\/ifevet.com\/latam\/wp-content\/uploads\/sites\/7\/2024\/09\/Sandra_Sanchis-removebg-preview.webp\",\"width\":660,\"height\":378},{\"@type\":\"BreadcrumbList\",\"@id\":\"https:\/\/ifevet.com\/latam\/sandra-sanchis-mora\/#breadcrumb\",\"itemListElement\":[{\"@type\":\"ListItem\",\"position\":1,\"name\":\"Portada\",\"item\":\"https:\/\/ifevet.com\/latam\/\"},{\"@type\":\"ListItem\",\"position\":2,\"name\":\"Sandra Sanch\u00eds Mora\"}]},{\"@type\":\"WebSite\",\"@id\":\"https:\/\/ifevet.com\/latam\/#website\",\"url\":\"https:\/\/ifevet.com\/latam\/\",\"name\":\"Ifevet International - LATAM\",\"description\":\"Instituto Internacional de Formaci\u00f3n Veterinaria\",\"potentialAction\":[{\"@type\":\"SearchAction\",\"target\":{\"@type\":\"EntryPoint\",\"urlTemplate\":\"https:\/\/ifevet.com\/latam\/?s={search_term_string}\"},\"query-input\":{\"@type\":\"PropertyValueSpecification\",\"valueRequired\":true,\"valueName\":\"search_term_string\"}}],\"inLanguage\":\"es\"},{\"@type\":\"Person\",\"@id\":\"https:\/\/ifevet.com\/latam\/#\/schema\/person\/dff617da2ff42828a70bf3d3e8ad0238\",\"name\":\"admin\",\"image\":{\"@type\":\"ImageObject\",\"inLanguage\":\"es\",\"@id\":\"https:\/\/ifevet.com\/latam\/#\/schema\/person\/image\/\",\"url\":\"https:\/\/secure.gravatar.com\/avatar\/20465fd60955541e129d551ed1d61ddae99ffa7509c027093b176d15984feef3?s=96&d=mm&r=g\",\"contentUrl\":\"https:\/\/secure.gravatar.com\/avatar\/20465fd60955541e129d551ed1d61ddae99ffa7509c027093b176d15984feef3?s=96&d=mm&r=g\",\"caption\":\"admin\"},\"sameAs\":[\"https:\/\/ifevet.com\"],\"url\":\"https:\/\/ifevet.com\/latam\/author\/boadeche\/\"}]}<\/script>\n<!-- \/ Yoast SEO plugin. -->","yoast_head_json":{"title":"Sandra Sanch\u00eds | Ifevet International","description":"LV, MVetMed, PhD, Dip ECVAA, PGCertVetEd FHEA, MRCVS, PGCert. Anaest. ifevet | Licenciada en Veterinaria por la Universidad...","robots":{"index":"index","follow":"follow","max-snippet":"max-snippet:-1","max-image-preview":"max-image-preview:large","max-video-preview":"max-video-preview:-1"},"canonical":"https:\/\/ifevet.com\/latam\/sandra-sanchis-mora\/","og_locale":"es_ES","og_type":"article","og_title":"Sandra Sanch\u00eds | Ifevet International","og_description":"LV, MVetMed, PhD, Dip ECVAA, PGCertVetEd FHEA, MRCVS, PGCert. Anaest. ifevet | Licenciada en Veterinaria por la Universidad...","og_url":"https:\/\/ifevet.com\/latam\/sandra-sanchis-mora\/","og_site_name":"Ifevet International - LATAM","article_published_time":"2024-09-30T10:07:03+00:00","article_modified_time":"2025-01-14T17:43:29+00:00","og_image":[{"width":660,"height":378,"url":"https:\/\/ifevet.com\/latam\/wp-content\/uploads\/sites\/7\/2024\/09\/Sandra_Sanchis-removebg-preview.webp","type":"image\/webp"}],"author":"admin","twitter_card":"summary_large_image","twitter_misc":{"Escrito por":"admin","Tiempo de lectura":"2 minutos"},"schema":{"@context":"https:\/\/schema.org","@graph":[{"@type":"Article","@id":"https:\/\/ifevet.com\/latam\/sandra-sanchis-mora\/#article","isPartOf":{"@id":"https:\/\/ifevet.com\/latam\/sandra-sanchis-mora\/"},"author":{"name":"admin","@id":"https:\/\/ifevet.com\/latam\/#\/schema\/person\/dff617da2ff42828a70bf3d3e8ad0238"},"headline":"Sandra Sanch\u00eds Mora","datePublished":"2024-09-30T10:07:03+00:00","dateModified":"2025-01-14T17:43:29+00:00","mainEntityOfPage":{"@id":"https:\/\/ifevet.com\/latam\/sandra-sanchis-mora\/"},"wordCount":156,"image":{"@id":"https:\/\/ifevet.com\/latam\/sandra-sanchis-mora\/#primaryimage"},"thumbnailUrl":"https:\/\/ifevet.com\/latam\/wp-content\/uploads\/sites\/7\/2024\/09\/Sandra_Sanchis-removebg-preview.webp","articleSection":["Ponentes","Veterinarios"],"inLanguage":"es"},{"@type":"WebPage","@id":"https:\/\/ifevet.com\/latam\/sandra-sanchis-mora\/","url":"https:\/\/ifevet.com\/latam\/sandra-sanchis-mora\/","name":"Sandra Sanch\u00eds | Ifevet International","isPartOf":{"@id":"https:\/\/ifevet.com\/latam\/#website"},"primaryImageOfPage":{"@id":"https:\/\/ifevet.com\/latam\/sandra-sanchis-mora\/#primaryimage"},"image":{"@id":"https:\/\/ifevet.com\/latam\/sandra-sanchis-mora\/#primaryimage"},"thumbnailUrl":"https:\/\/ifevet.com\/latam\/wp-content\/uploads\/sites\/7\/2024\/09\/Sandra_Sanchis-removebg-preview.webp","datePublished":"2024-09-30T10:07:03+00:00","dateModified":"2025-01-14T17:43:29+00:00","author":{"@id":"https:\/\/ifevet.com\/latam\/#\/schema\/person\/dff617da2ff42828a70bf3d3e8ad0238"},"description":"LV, MVetMed, PhD, Dip ECVAA, PGCertVetEd FHEA, MRCVS, PGCert. Anaest. ifevet | Licenciada en Veterinaria por la Universidad...","breadcrumb":{"@id":"https:\/\/ifevet.com\/latam\/sandra-sanchis-mora\/#breadcrumb"},"inLanguage":"es","potentialAction":[{"@type":"ReadAction","target":["https:\/\/ifevet.com\/latam\/sandra-sanchis-mora\/"]}]},{"@type":"ImageObject","inLanguage":"es","@id":"https:\/\/ifevet.com\/latam\/sandra-sanchis-mora\/#primaryimage","url":"https:\/\/ifevet.com\/latam\/wp-content\/uploads\/sites\/7\/2024\/09\/Sandra_Sanchis-removebg-preview.webp","contentUrl":"https:\/\/ifevet.com\/latam\/wp-content\/uploads\/sites\/7\/2024\/09\/Sandra_Sanchis-removebg-preview.webp","width":660,"height":378},{"@type":"BreadcrumbList","@id":"https:\/\/ifevet.com\/latam\/sandra-sanchis-mora\/#breadcrumb","itemListElement":[{"@type":"ListItem","position":1,"name":"Portada","item":"https:\/\/ifevet.com\/latam\/"},{"@type":"ListItem","position":2,"name":"Sandra Sanch\u00eds Mora"}]},{"@type":"WebSite","@id":"https:\/\/ifevet.com\/latam\/#website","url":"https:\/\/ifevet.com\/latam\/","name":"Ifevet International - LATAM","description":"Instituto Internacional de Formaci\u00f3n Veterinaria","potentialAction":[{"@type":"SearchAction","target":{"@type":"EntryPoint","urlTemplate":"https:\/\/ifevet.com\/latam\/?s={search_term_string}"},"query-input":{"@type":"PropertyValueSpecification","valueRequired":true,"valueName":"search_term_string"}}],"inLanguage":"es"},{"@type":"Person","@id":"https:\/\/ifevet.com\/latam\/#\/schema\/person\/dff617da2ff42828a70bf3d3e8ad0238","name":"admin","image":{"@type":"ImageObject","inLanguage":"es","@id":"https:\/\/ifevet.com\/latam\/#\/schema\/person\/image\/","url":"https:\/\/secure.gravatar.com\/avatar\/20465fd60955541e129d551ed1d61ddae99ffa7509c027093b176d15984feef3?s=96&d=mm&r=g","contentUrl":"https:\/\/secure.gravatar.com\/avatar\/20465fd60955541e129d551ed1d61ddae99ffa7509c027093b176d15984feef3?s=96&d=mm&r=g","caption":"admin"},"sameAs":["https:\/\/ifevet.com"],"url":"https:\/\/ifevet.com\/latam\/author\/boadeche\/"}]}},"_links":{"self":[{"href":"https:\/\/ifevet.com\/latam\/wp-json\/wp\/v2\/posts\/46900","targetHints":{"allow":["GET"]}}],"collection":[{"href":"https:\/\/ifevet.com\/latam\/wp-json\/wp\/v2\/posts"}],"about":[{"href":"https:\/\/ifevet.com\/latam\/wp-json\/wp\/v2\/types\/post"}],"author":[{"embeddable":true,"href":"https:\/\/ifevet.com\/latam\/wp-json\/wp\/v2\/users\/1"}],"replies":[{"embeddable":true,"href":"https:\/\/ifevet.com\/latam\/wp-json\/wp\/v2\/comments?post=46900"}],"version-history":[{"count":5,"href":"https:\/\/ifevet.com\/latam\/wp-json\/wp\/v2\/posts\/46900\/revisions"}],"predecessor-version":[{"id":47449,"href":"https:\/\/ifevet.com\/latam\/wp-json\/wp\/v2\/posts\/46900\/revisions\/47449"}],"wp:featuredmedia":[{"embeddable":true,"href":"https:\/\/ifevet.com\/latam\/wp-json\/wp\/v2\/media\/46901"}],"wp:attachment":[{"href":"https:\/\/ifevet.com\/latam\/wp-json\/wp\/v2\/media?parent=46900"}],"wp:term":[{"taxonomy":"category","embeddable":true,"href":"https:\/\/ifevet.com\/latam\/wp-json\/wp\/v2\/categories?post=46900"},{"taxonomy":"post_tag","embeddable":true,"href":"https:\/\/ifevet.com\/latam\/wp-json\/wp\/v2\/tags?post=46900"}],"curies":[{"name":"wp","href":"https:\/\/api.w.org\/{rel}","templated":true}]}}