{"id":49820,"date":"2026-07-22T09:58:14","date_gmt":"2026-07-22T09:58:14","guid":{"rendered":"https:\/\/ifevet.com\/latam\/?p=49820"},"modified":"2026-08-03T09:37:23","modified_gmt":"2026-08-03T09:37:23","slug":"carla-asorey","status":"publish","type":"post","link":"https:\/\/ifevet.com\/latam\/carla-asorey\/","title":{"rendered":"Carla Asorey"},"content":{"rendered":"\t\t<div data-elementor-type=\"wp-post\" data-elementor-id=\"49820\" class=\"elementor elementor-49820\" data-elementor-post-type=\"post\">\n\t\t\t\t\t\t<section class=\"elementor-section elementor-top-section elementor-element elementor-element-efbaff7 elementor-section-boxed elementor-section-height-default elementor-section-height-default\" data-id=\"efbaff7\" data-element_type=\"section\" data-e-type=\"section\">\n\t\t\t\t\t\t<div class=\"elementor-container elementor-column-gap-default\">\n\t\t\t\t\t<div class=\"elementor-column elementor-col-100 elementor-top-column elementor-element elementor-element-8c1d3d0\" data-id=\"8c1d3d0\" data-element_type=\"column\" data-e-type=\"column\">\n\t\t\t<div class=\"elementor-widget-wrap elementor-element-populated\">\n\t\t\t\t\t\t<section class=\"elementor-section elementor-inner-section elementor-element elementor-element-c93f845 elementor-section-boxed elementor-section-height-default elementor-section-height-default\" data-id=\"c93f845\" data-element_type=\"section\" data-e-type=\"section\">\n\t\t\t\t\t\t<div class=\"elementor-container elementor-column-gap-default\">\n\t\t\t\t\t<div class=\"elementor-column elementor-col-50 elementor-inner-column elementor-element elementor-element-f03558a\" data-id=\"f03558a\" data-element_type=\"column\" data-e-type=\"column\">\n\t\t\t<div class=\"elementor-widget-wrap elementor-element-populated\">\n\t\t\t\t\t\t<div class=\"elementor-element elementor-element-cdab056 elementor-widget elementor-widget-image\" data-id=\"cdab056\" data-element_type=\"widget\" data-e-type=\"widget\" data-widget_type=\"image.default\">\n\t\t\t\t<div class=\"elementor-widget-container\">\n\t\t\t\t\t\t\t\t\t\t\t\t\t\t\t<img fetchpriority=\"high\" decoding=\"async\" width=\"612\" height=\"408\" src=\"https:\/\/ifevet.com\/latam\/wp-content\/uploads\/sites\/7\/2023\/07\/carla-asorey.png\" class=\"attachment-large size-large wp-image-49814\" alt=\"\" srcset=\"https:\/\/ifevet.com\/latam\/wp-content\/uploads\/sites\/7\/2023\/07\/carla-asorey.png 612w, https:\/\/ifevet.com\/latam\/wp-content\/uploads\/sites\/7\/2023\/07\/carla-asorey-300x200.png 300w, https:\/\/ifevet.com\/latam\/wp-content\/uploads\/sites\/7\/2023\/07\/carla-asorey-600x400.png 600w\" sizes=\"(max-width: 612px) 100vw, 612px\" \/>\t\t\t\t\t\t\t\t\t\t\t\t\t\t\t<\/div>\n\t\t\t\t<\/div>\n\t\t\t\t\t<\/div>\n\t\t<\/div>\n\t\t\t\t<div class=\"elementor-column elementor-col-50 elementor-inner-column elementor-element elementor-element-3194e1f\" data-id=\"3194e1f\" data-element_type=\"column\" data-e-type=\"column\">\n\t\t\t<div class=\"elementor-widget-wrap elementor-element-populated\">\n\t\t\t\t\t\t<div class=\"elementor-element elementor-element-4e155e2 elementor-widget elementor-widget-heading\" data-id=\"4e155e2\" data-element_type=\"widget\" data-e-type=\"widget\" data-widget_type=\"heading.default\">\n\t\t\t\t<div class=\"elementor-widget-container\">\n\t\t\t\t\t<h2 class=\"elementor-heading-title elementor-size-default\">Carla Asorey<\/h2>\t\t\t\t<\/div>\n\t\t\t\t<\/div>\n\t\t\t\t<div class=\"elementor-element elementor-element-107ffeb elementor-widget elementor-widget-heading\" data-id=\"107ffeb\" data-element_type=\"widget\" data-e-type=\"widget\" data-widget_type=\"heading.default\">\n\t\t\t\t<div class=\"elementor-widget-container\">\n\t\t\t\t\t<h2 class=\"elementor-heading-title elementor-size-default\">LV, Dipl ECVIM- CA (medicina interna)<\/h2>\t\t\t\t<\/div>\n\t\t\t\t<\/div>\n\t\t\t\t<div class=\"elementor-element elementor-element-653bf5f elementor-widget-divider--view-line elementor-widget elementor-widget-divider\" data-id=\"653bf5f\" data-element_type=\"widget\" data-e-type=\"widget\" data-widget_type=\"divider.default\">\n\t\t\t\t<div class=\"elementor-widget-container\">\n\t\t\t\t\t\t\t<div class=\"elementor-divider\">\n\t\t\t<span class=\"elementor-divider-separator\">\n\t\t\t\t\t\t<\/span>\n\t\t<\/div>\n\t\t\t\t\t\t<\/div>\n\t\t\t\t<\/div>\n\t\t\t\t<div class=\"elementor-element elementor-element-535c708 elementor-widget elementor-widget-text-editor\" data-id=\"535c708\" data-element_type=\"widget\" data-e-type=\"widget\" data-widget_type=\"text-editor.default\">\n\t\t\t\t<div class=\"elementor-widget-container\">\n\t\t\t\t\t\t\t\t\t<p>Carla se gradu\u00f3 en Veterinaria por la Universidad de Santiago de Compostela en 2016. Posteriormente, realiz\u00f3 un internado rotatorio en peque\u00f1os animales en el Hospital Veterinario Rof Codina de Lugo (2017\u20132018). M\u00e1s tarde, se traslad\u00f3 al Reino Unido, donde complet\u00f3 un segundo internado rotatorio en peque\u00f1os animales en Dick White Referrals Veterinary Specialists (2020\u20132021).<\/p><p>Al finalizar este internado, inici\u00f3 una residencia en Medicina Interna de peque\u00f1os animales en el mismo hospital, que complet\u00f3 en 2024. Desde ese mismo a\u00f1o, forma parte del equipo de Cave Veterinary Specialists, donde trabaja actualmente.<\/p><p>En abril de 2026 obtuvo el t\u00edtulo de Diplomada Europea en Medicina Interna de Peque\u00f1os Animales (European College of Veterinary Internal Medicine, ECVIM-CA), acreditaci\u00f3n que la reconoce como especialista europea en esta disciplina.<\/p>\t\t\t\t\t\t\t\t<\/div>\n\t\t\t\t<\/div>\n\t\t\t\t\t<\/div>\n\t\t<\/div>\n\t\t\t\t\t<\/div>\n\t\t<\/section>\n\t\t\t\t\t<\/div>\n\t\t<\/div>\n\t\t\t\t\t<\/div>\n\t\t<\/section>\n\t\t\t\t<\/div>\n\t\t","protected":false},"excerpt":{"rendered":"<p>LV, Dipl ECVIM- CA (medicina interna)<\/p>\n","protected":false},"author":1,"featured_media":49814,"comment_status":"closed","ping_status":"closed","sticky":false,"template":"","format":"standard","meta":{"footnotes":""},"categories":[33,45],"tags":[],"class_list":["post-49820","post","type-post","status-publish","format-standard","has-post-thumbnail","hentry","category-ponentes","category-veterinarios"],"yoast_head":"<!-- This site is optimized with the Yoast SEO plugin v28.1 - https:\/\/yoast.com\/product\/yoast-seo-wordpress\/ -->\n<title>Carla Asorey | Ifevet International<\/title>\n<meta name=\"description\" content=\"LV, Dipl ECVIM- CA (medicina interna) | Carla se gradu\u00f3 en Veterinaria por la Universidad de Santiago de Compostela en 2016...\" \/>\n<meta name=\"robots\" content=\"index, follow, max-snippet:-1, max-image-preview:large, max-video-preview:-1\" \/>\n<link rel=\"canonical\" href=\"https:\/\/ifevet.com\/latam\/carla-asorey\/\" \/>\n<meta property=\"og:locale\" content=\"es_ES\" \/>\n<meta property=\"og:type\" content=\"article\" \/>\n<meta property=\"og:title\" content=\"Carla Asorey | Ifevet International\" \/>\n<meta property=\"og:description\" content=\"LV, Dipl ECVIM- CA (medicina interna) | Carla se gradu\u00f3 en Veterinaria por la Universidad de Santiago de Compostela en 2016...\" \/>\n<meta property=\"og:url\" content=\"https:\/\/ifevet.com\/latam\/carla-asorey\/\" \/>\n<meta property=\"og:site_name\" content=\"Ifevet International - LATAM\" \/>\n<meta property=\"article:published_time\" content=\"2026-07-22T09:58:14+00:00\" \/>\n<meta property=\"article:modified_time\" content=\"2026-08-03T09:37:23+00:00\" \/>\n<meta property=\"og:image\" content=\"https:\/\/ifevet.com\/latam\/wp-content\/uploads\/sites\/7\/2023\/07\/carla-asorey.png\" \/>\n\t<meta property=\"og:image:width\" content=\"612\" \/>\n\t<meta property=\"og:image:height\" content=\"408\" \/>\n\t<meta property=\"og:image:type\" content=\"image\/png\" \/>\n<meta name=\"author\" content=\"admin\" \/>\n<meta name=\"twitter:card\" content=\"summary_large_image\" \/>\n<meta name=\"twitter:label1\" content=\"Escrito por\" \/>\n\t<meta name=\"twitter:data1\" content=\"admin\" \/>\n\t<meta name=\"twitter:label2\" content=\"Tiempo de lectura\" \/>\n\t<meta name=\"twitter:data2\" content=\"1 minuto\" \/>\n<script type=\"application\/ld+json\" class=\"yoast-schema-graph\">{\"@context\":\"https:\\\/\\\/schema.org\",\"@graph\":[{\"@type\":\"Article\",\"@id\":\"https:\\\/\\\/ifevet.com\\\/latam\\\/carla-asorey\\\/#article\",\"isPartOf\":{\"@id\":\"https:\\\/\\\/ifevet.com\\\/latam\\\/carla-asorey\\\/\"},\"author\":{\"name\":\"admin\",\"@id\":\"https:\\\/\\\/ifevet.com\\\/latam\\\/#\\\/schema\\\/person\\\/dff617da2ff42828a70bf3d3e8ad0238\"},\"headline\":\"Carla Asorey\",\"datePublished\":\"2026-07-22T09:58:14+00:00\",\"dateModified\":\"2026-08-03T09:37:23+00:00\",\"mainEntityOfPage\":{\"@id\":\"https:\\\/\\\/ifevet.com\\\/latam\\\/carla-asorey\\\/\"},\"wordCount\":136,\"image\":{\"@id\":\"https:\\\/\\\/ifevet.com\\\/latam\\\/carla-asorey\\\/#primaryimage\"},\"thumbnailUrl\":\"https:\\\/\\\/ifevet.com\\\/latam\\\/wp-content\\\/uploads\\\/sites\\\/7\\\/2023\\\/07\\\/carla-asorey.png\",\"articleSection\":[\"Ponentes\",\"Veterinarios\"],\"inLanguage\":\"es\"},{\"@type\":\"WebPage\",\"@id\":\"https:\\\/\\\/ifevet.com\\\/latam\\\/carla-asorey\\\/\",\"url\":\"https:\\\/\\\/ifevet.com\\\/latam\\\/carla-asorey\\\/\",\"name\":\"Carla Asorey | Ifevet International\",\"isPartOf\":{\"@id\":\"https:\\\/\\\/ifevet.com\\\/latam\\\/#website\"},\"primaryImageOfPage\":{\"@id\":\"https:\\\/\\\/ifevet.com\\\/latam\\\/carla-asorey\\\/#primaryimage\"},\"image\":{\"@id\":\"https:\\\/\\\/ifevet.com\\\/latam\\\/carla-asorey\\\/#primaryimage\"},\"thumbnailUrl\":\"https:\\\/\\\/ifevet.com\\\/latam\\\/wp-content\\\/uploads\\\/sites\\\/7\\\/2023\\\/07\\\/carla-asorey.png\",\"datePublished\":\"2026-07-22T09:58:14+00:00\",\"dateModified\":\"2026-08-03T09:37:23+00:00\",\"author\":{\"@id\":\"https:\\\/\\\/ifevet.com\\\/latam\\\/#\\\/schema\\\/person\\\/dff617da2ff42828a70bf3d3e8ad0238\"},\"description\":\"LV, Dipl ECVIM- CA (medicina interna) | Carla se gradu\u00f3 en Veterinaria por la Universidad de Santiago de Compostela en 2016...\",\"breadcrumb\":{\"@id\":\"https:\\\/\\\/ifevet.com\\\/latam\\\/carla-asorey\\\/#breadcrumb\"},\"inLanguage\":\"es\",\"potentialAction\":[{\"@type\":\"ReadAction\",\"target\":[\"https:\\\/\\\/ifevet.com\\\/latam\\\/carla-asorey\\\/\"]}]},{\"@type\":\"ImageObject\",\"inLanguage\":\"es\",\"@id\":\"https:\\\/\\\/ifevet.com\\\/latam\\\/carla-asorey\\\/#primaryimage\",\"url\":\"https:\\\/\\\/ifevet.com\\\/latam\\\/wp-content\\\/uploads\\\/sites\\\/7\\\/2023\\\/07\\\/carla-asorey.png\",\"contentUrl\":\"https:\\\/\\\/ifevet.com\\\/latam\\\/wp-content\\\/uploads\\\/sites\\\/7\\\/2023\\\/07\\\/carla-asorey.png\",\"width\":612,\"height\":408},{\"@type\":\"BreadcrumbList\",\"@id\":\"https:\\\/\\\/ifevet.com\\\/latam\\\/carla-asorey\\\/#breadcrumb\",\"itemListElement\":[{\"@type\":\"ListItem\",\"position\":1,\"name\":\"Portada\",\"item\":\"https:\\\/\\\/ifevet.com\\\/latam\\\/\"},{\"@type\":\"ListItem\",\"position\":2,\"name\":\"Carla Asorey\"}]},{\"@type\":\"WebSite\",\"@id\":\"https:\\\/\\\/ifevet.com\\\/latam\\\/#website\",\"url\":\"https:\\\/\\\/ifevet.com\\\/latam\\\/\",\"name\":\"Ifevet International - LATAM\",\"description\":\"Instituto Internacional de Formaci\u00f3n Veterinaria\",\"potentialAction\":[{\"@type\":\"SearchAction\",\"target\":{\"@type\":\"EntryPoint\",\"urlTemplate\":\"https:\\\/\\\/ifevet.com\\\/latam\\\/?s={search_term_string}\"},\"query-input\":{\"@type\":\"PropertyValueSpecification\",\"valueRequired\":true,\"valueName\":\"search_term_string\"}}],\"inLanguage\":\"es\"},{\"@type\":\"Person\",\"@id\":\"https:\\\/\\\/ifevet.com\\\/latam\\\/#\\\/schema\\\/person\\\/dff617da2ff42828a70bf3d3e8ad0238\",\"name\":\"admin\",\"image\":{\"@type\":\"ImageObject\",\"inLanguage\":\"es\",\"@id\":\"https:\\\/\\\/secure.gravatar.com\\\/avatar\\\/20465fd60955541e129d551ed1d61ddae99ffa7509c027093b176d15984feef3?s=96&d=mm&r=g\",\"url\":\"https:\\\/\\\/secure.gravatar.com\\\/avatar\\\/20465fd60955541e129d551ed1d61ddae99ffa7509c027093b176d15984feef3?s=96&d=mm&r=g\",\"contentUrl\":\"https:\\\/\\\/secure.gravatar.com\\\/avatar\\\/20465fd60955541e129d551ed1d61ddae99ffa7509c027093b176d15984feef3?s=96&d=mm&r=g\",\"caption\":\"admin\"},\"sameAs\":[\"https:\\\/\\\/ifevet.com\"],\"url\":\"https:\\\/\\\/ifevet.com\\\/latam\\\/author\\\/boadeche\\\/\"}]}<\/script>\n<!-- \/ Yoast SEO plugin. -->","yoast_head_json":{"title":"Carla Asorey | Ifevet International","description":"LV, Dipl ECVIM- CA (medicina interna) | Carla se gradu\u00f3 en Veterinaria por la Universidad de Santiago de Compostela en 2016...","robots":{"index":"index","follow":"follow","max-snippet":"max-snippet:-1","max-image-preview":"max-image-preview:large","max-video-preview":"max-video-preview:-1"},"canonical":"https:\/\/ifevet.com\/latam\/carla-asorey\/","og_locale":"es_ES","og_type":"article","og_title":"Carla Asorey | Ifevet International","og_description":"LV, Dipl ECVIM- CA (medicina interna) | Carla se gradu\u00f3 en Veterinaria por la Universidad de Santiago de Compostela en 2016...","og_url":"https:\/\/ifevet.com\/latam\/carla-asorey\/","og_site_name":"Ifevet International - LATAM","article_published_time":"2026-07-22T09:58:14+00:00","article_modified_time":"2026-08-03T09:37:23+00:00","og_image":[{"width":612,"height":408,"url":"https:\/\/ifevet.com\/latam\/wp-content\/uploads\/sites\/7\/2023\/07\/carla-asorey.png","type":"image\/png"}],"author":"admin","twitter_card":"summary_large_image","twitter_misc":{"Escrito por":"admin","Tiempo de lectura":"1 minuto"},"schema":{"@context":"https:\/\/schema.org","@graph":[{"@type":"Article","@id":"https:\/\/ifevet.com\/latam\/carla-asorey\/#article","isPartOf":{"@id":"https:\/\/ifevet.com\/latam\/carla-asorey\/"},"author":{"name":"admin","@id":"https:\/\/ifevet.com\/latam\/#\/schema\/person\/dff617da2ff42828a70bf3d3e8ad0238"},"headline":"Carla Asorey","datePublished":"2026-07-22T09:58:14+00:00","dateModified":"2026-08-03T09:37:23+00:00","mainEntityOfPage":{"@id":"https:\/\/ifevet.com\/latam\/carla-asorey\/"},"wordCount":136,"image":{"@id":"https:\/\/ifevet.com\/latam\/carla-asorey\/#primaryimage"},"thumbnailUrl":"https:\/\/ifevet.com\/latam\/wp-content\/uploads\/sites\/7\/2023\/07\/carla-asorey.png","articleSection":["Ponentes","Veterinarios"],"inLanguage":"es"},{"@type":"WebPage","@id":"https:\/\/ifevet.com\/latam\/carla-asorey\/","url":"https:\/\/ifevet.com\/latam\/carla-asorey\/","name":"Carla Asorey | Ifevet International","isPartOf":{"@id":"https:\/\/ifevet.com\/latam\/#website"},"primaryImageOfPage":{"@id":"https:\/\/ifevet.com\/latam\/carla-asorey\/#primaryimage"},"image":{"@id":"https:\/\/ifevet.com\/latam\/carla-asorey\/#primaryimage"},"thumbnailUrl":"https:\/\/ifevet.com\/latam\/wp-content\/uploads\/sites\/7\/2023\/07\/carla-asorey.png","datePublished":"2026-07-22T09:58:14+00:00","dateModified":"2026-08-03T09:37:23+00:00","author":{"@id":"https:\/\/ifevet.com\/latam\/#\/schema\/person\/dff617da2ff42828a70bf3d3e8ad0238"},"description":"LV, Dipl ECVIM- CA (medicina interna) | Carla se gradu\u00f3 en Veterinaria por la Universidad de Santiago de Compostela en 2016...","breadcrumb":{"@id":"https:\/\/ifevet.com\/latam\/carla-asorey\/#breadcrumb"},"inLanguage":"es","potentialAction":[{"@type":"ReadAction","target":["https:\/\/ifevet.com\/latam\/carla-asorey\/"]}]},{"@type":"ImageObject","inLanguage":"es","@id":"https:\/\/ifevet.com\/latam\/carla-asorey\/#primaryimage","url":"https:\/\/ifevet.com\/latam\/wp-content\/uploads\/sites\/7\/2023\/07\/carla-asorey.png","contentUrl":"https:\/\/ifevet.com\/latam\/wp-content\/uploads\/sites\/7\/2023\/07\/carla-asorey.png","width":612,"height":408},{"@type":"BreadcrumbList","@id":"https:\/\/ifevet.com\/latam\/carla-asorey\/#breadcrumb","itemListElement":[{"@type":"ListItem","position":1,"name":"Portada","item":"https:\/\/ifevet.com\/latam\/"},{"@type":"ListItem","position":2,"name":"Carla Asorey"}]},{"@type":"WebSite","@id":"https:\/\/ifevet.com\/latam\/#website","url":"https:\/\/ifevet.com\/latam\/","name":"Ifevet International - LATAM","description":"Instituto Internacional de Formaci\u00f3n Veterinaria","potentialAction":[{"@type":"SearchAction","target":{"@type":"EntryPoint","urlTemplate":"https:\/\/ifevet.com\/latam\/?s={search_term_string}"},"query-input":{"@type":"PropertyValueSpecification","valueRequired":true,"valueName":"search_term_string"}}],"inLanguage":"es"},{"@type":"Person","@id":"https:\/\/ifevet.com\/latam\/#\/schema\/person\/dff617da2ff42828a70bf3d3e8ad0238","name":"admin","image":{"@type":"ImageObject","inLanguage":"es","@id":"https:\/\/secure.gravatar.com\/avatar\/20465fd60955541e129d551ed1d61ddae99ffa7509c027093b176d15984feef3?s=96&d=mm&r=g","url":"https:\/\/secure.gravatar.com\/avatar\/20465fd60955541e129d551ed1d61ddae99ffa7509c027093b176d15984feef3?s=96&d=mm&r=g","contentUrl":"https:\/\/secure.gravatar.com\/avatar\/20465fd60955541e129d551ed1d61ddae99ffa7509c027093b176d15984feef3?s=96&d=mm&r=g","caption":"admin"},"sameAs":["https:\/\/ifevet.com"],"url":"https:\/\/ifevet.com\/latam\/author\/boadeche\/"}]}},"_links":{"self":[{"href":"https:\/\/ifevet.com\/latam\/wp-json\/wp\/v2\/posts\/49820","targetHints":{"allow":["GET"]}}],"collection":[{"href":"https:\/\/ifevet.com\/latam\/wp-json\/wp\/v2\/posts"}],"about":[{"href":"https:\/\/ifevet.com\/latam\/wp-json\/wp\/v2\/types\/post"}],"author":[{"embeddable":true,"href":"https:\/\/ifevet.com\/latam\/wp-json\/wp\/v2\/users\/1"}],"replies":[{"embeddable":true,"href":"https:\/\/ifevet.com\/latam\/wp-json\/wp\/v2\/comments?post=49820"}],"version-history":[{"count":11,"href":"https:\/\/ifevet.com\/latam\/wp-json\/wp\/v2\/posts\/49820\/revisions"}],"predecessor-version":[{"id":49896,"href":"https:\/\/ifevet.com\/latam\/wp-json\/wp\/v2\/posts\/49820\/revisions\/49896"}],"wp:featuredmedia":[{"embeddable":true,"href":"https:\/\/ifevet.com\/latam\/wp-json\/wp\/v2\/media\/49814"}],"wp:attachment":[{"href":"https:\/\/ifevet.com\/latam\/wp-json\/wp\/v2\/media?parent=49820"}],"wp:term":[{"taxonomy":"category","embeddable":true,"href":"https:\/\/ifevet.com\/latam\/wp-json\/wp\/v2\/categories?post=49820"},{"taxonomy":"post_tag","embeddable":true,"href":"https:\/\/ifevet.com\/latam\/wp-json\/wp\/v2\/tags?post=49820"}],"curies":[{"name":"wp","href":"https:\/\/api.w.org\/{rel}","templated":true}]}}